{"id":5953,"date":"2025-04-25T19:54:40","date_gmt":"2025-04-25T22:54:40","guid":{"rendered":"https:\/\/vilamascote.com.br\/?p=5953"},"modified":"2025-04-25T19:56:48","modified_gmt":"2025-04-25T22:56:48","slug":"prefeitura-de-sao-paulo-retoma-projeto-de-extensao-da-avenida-roberto-marinho","status":"publish","type":"post","link":"https:\/\/vilamascote.com.br\/index.php\/noticias\/5953\/prefeitura-de-sao-paulo-retoma-projeto-de-extensao-da-avenida-roberto-marinho","title":{"rendered":"Prefeitura de S\u00e3o Paulo Retoma Projeto de Extens\u00e3o da Avenida Roberto Marinho"},"content":{"rendered":"\n<p>A Prefeitura de S\u00e3o Paulo anunciou planos para retomar a extens\u00e3o da Avenida Roberto Marinho at\u00e9 a Rodovia dos Imigrantes, com previs\u00e3o de in\u00edcio em dezembro. Este projeto \u00e9 crucial para o avan\u00e7o da Linha 17-Ouro do monotrilho, que pretende chegar ao Jabaquara. A novidade \u00e9 que a gest\u00e3o municipal abandonou o complexo projeto de 2009, que previa um t\u00fanel de 2.300 metros, e optou por um t\u00fanel menor, de 460 metros, pr\u00f3ximo \u00e0 Avenida Armando de Arruda Pereira.<\/p>\n\n\n\n<figure class=\"wp-block-image size-large\"><img loading=\"lazy\" decoding=\"async\" width=\"1024\" height=\"470\" src=\"https:\/\/vilamascote.com.br\/wp-content\/uploads\/2025\/04\/Capa-RM-1024x470.jpg\" alt=\"\" class=\"wp-image-5954\" srcset=\"https:\/\/vilamascote.com.br\/wp-content\/uploads\/2025\/04\/Capa-RM-1024x470.jpg 1024w, https:\/\/vilamascote.com.br\/wp-content\/uploads\/2025\/04\/Capa-RM-300x138.jpg 300w, https:\/\/vilamascote.com.br\/wp-content\/uploads\/2025\/04\/Capa-RM-1536x705.jpg 1536w, https:\/\/vilamascote.com.br\/wp-content\/uploads\/2025\/04\/Capa-RM.jpg 1751w\" sizes=\"auto, (max-width: 1024px) 100vw, 1024px\" \/><\/figure>\n\n\n\n<p><strong>Detalhes do Projeto<\/strong><\/p>\n\n\n\n<ul class=\"wp-block-list\">\n<li><strong>Extens\u00e3o e Infraestrutura<\/strong>: O novo complexo ter\u00e1 3,7 km de extens\u00e3o, com cinco pontilh\u00f5es e tr\u00eas viadutos. Al\u00e9m disso, ser\u00e1 criado um parque linear com 332 mil metros quadrados de \u00e1rea verde.<\/li>\n\n\n\n<li><strong>Gest\u00e3o de \u00c1guas<\/strong>: A ideia inclui a cria\u00e7\u00e3o de um lago para absorver \u00e1gua da chuva durante temporais, melhorando a gest\u00e3o de \u00e1guas pluviais na regi\u00e3o.<\/li>\n\n\n\n<li><strong>Impacto na Mobilidade<\/strong>: A extens\u00e3o da avenida e a chegada da Linha 17-Ouro ao Jabaquara prometem melhorar significativamente a mobilidade na Zona Sul de S\u00e3o Paulo, interligando importantes pontos da cidade.<\/li>\n<\/ul>\n\n\n\n<figure class=\"wp-block-image size-large\"><img loading=\"lazy\" decoding=\"async\" width=\"1024\" height=\"477\" src=\"https:\/\/vilamascote.com.br\/wp-content\/uploads\/2025\/04\/RM4-1024x477.jpg\" alt=\"\" class=\"wp-image-5957\" srcset=\"https:\/\/vilamascote.com.br\/wp-content\/uploads\/2025\/04\/RM4-1024x477.jpg 1024w, https:\/\/vilamascote.com.br\/wp-content\/uploads\/2025\/04\/RM4-300x140.jpg 300w, https:\/\/vilamascote.com.br\/wp-content\/uploads\/2025\/04\/RM4-1536x716.jpg 1536w, https:\/\/vilamascote.com.br\/wp-content\/uploads\/2025\/04\/RM4.jpg 1755w\" sizes=\"auto, (max-width: 1024px) 100vw, 1024px\" \/><\/figure>\n\n\n\n<p><strong>Melhorias Incorporadas ao Projeto<\/strong><\/p>\n\n\n\n<ul class=\"wp-block-list\">\n<li><strong>Ilumina\u00e7\u00e3o<\/strong>: Ilumina\u00e7\u00e3o do parque dever\u00e1 atender \u00e0s novas demandas e considerando a<br \/>fauna local e reduzindo o impacto da ilumina\u00e7\u00e3o nos arredores.<\/li>\n\n\n\n<li><strong>Seguran\u00e7a<\/strong>: CFTV\/V\u00eddeo, Vigil\u00e2ncia e sistema de avisos de emerg\u00eancia conectado \u00e0<br \/>central de opera\u00e7\u00f5es e seguran\u00e7a, sem\u00e1foros (tr\u00e1fego e travessias)<br \/>Conectados ao SMART SAMPA.<\/li>\n\n\n\n<li><strong>WiFi e Sistemas Interativos<\/strong>: WiFi p\u00fablico e sistemas interativos em apoio aos equipamentos p\u00fablicos de entretenimento com instala\u00e7\u00f5es de \u00c1udio e V\u00eddeo.<\/li>\n<\/ul>\n\n\n\n<figure class=\"wp-block-gallery has-nested-images columns-default is-cropped wp-block-gallery-1 is-layout-flex wp-block-gallery-is-layout-flex\">\n<figure class=\"wp-block-image size-large\"><img loading=\"lazy\" decoding=\"async\" width=\"619\" height=\"384\" data-id=\"5958\" src=\"https:\/\/vilamascote.com.br\/wp-content\/uploads\/2025\/04\/RM2.jpg\" alt=\"\" class=\"wp-image-5958\" srcset=\"https:\/\/vilamascote.com.br\/wp-content\/uploads\/2025\/04\/RM2.jpg 619w, https:\/\/vilamascote.com.br\/wp-content\/uploads\/2025\/04\/RM2-300x186.jpg 300w\" sizes=\"auto, (max-width: 619px) 100vw, 619px\" \/><\/figure>\n\n\n\n<figure class=\"wp-block-image size-large\"><img loading=\"lazy\" decoding=\"async\" width=\"620\" height=\"377\" data-id=\"5959\" src=\"https:\/\/vilamascote.com.br\/wp-content\/uploads\/2025\/04\/RM3.jpg\" alt=\"\" class=\"wp-image-5959\" srcset=\"https:\/\/vilamascote.com.br\/wp-content\/uploads\/2025\/04\/RM3.jpg 620w, https:\/\/vilamascote.com.br\/wp-content\/uploads\/2025\/04\/RM3-300x182.jpg 300w\" sizes=\"auto, (max-width: 620px) 100vw, 620px\" \/><\/figure>\n<\/figure>\n\n\n\n<p>Este projeto \u00e9 uma \u00f3tima not\u00edcia para a popula\u00e7\u00e3o da Vila Mascote e regi\u00e3o. Com a retomada das obras, a expectativa \u00e9 que a mobilidade urbana seja aprimorada, beneficiando milhares de pessoas di\u00e1riamente.<\/p>\n","protected":false},"excerpt":{"rendered":"<p>A Prefeitura de S\u00e3o Paulo anunciou planos para retomar a extens\u00e3o da Avenida Roberto Marinho at\u00e9 a Rodovia dos Imigrantes, com previs\u00e3o de in\u00edcio em dezembro. Este projeto \u00e9 crucial para o avan\u00e7o da Linha 17-Ouro do monotrilho, que pretende chegar ao Jabaquara. A novidade \u00e9 que a gest\u00e3o municipal abandonou o complexo projeto de &hellip;<\/p>\n","protected":false},"author":1,"featured_media":5956,"comment_status":"open","ping_status":"open","sticky":false,"template":"","format":"standard","meta":{"footnotes":""},"categories":[22,1,20,21],"tags":[],"class_list":["post-5953","post","type-post","status-publish","format-standard","has-post-thumbnail","","category-bairro","category-noticias","category-prefeitura","category-subprefeitura-jabaquara"],"_links":{"self":[{"href":"https:\/\/vilamascote.com.br\/index.php\/wp-json\/wp\/v2\/posts\/5953","targetHints":{"allow":["GET"]}}],"collection":[{"href":"https:\/\/vilamascote.com.br\/index.php\/wp-json\/wp\/v2\/posts"}],"about":[{"href":"https:\/\/vilamascote.com.br\/index.php\/wp-json\/wp\/v2\/types\/post"}],"author":[{"embeddable":true,"href":"https:\/\/vilamascote.com.br\/index.php\/wp-json\/wp\/v2\/users\/1"}],"replies":[{"embeddable":true,"href":"https:\/\/vilamascote.com.br\/index.php\/wp-json\/wp\/v2\/comments?post=5953"}],"version-history":[{"count":2,"href":"https:\/\/vilamascote.com.br\/index.php\/wp-json\/wp\/v2\/posts\/5953\/revisions"}],"predecessor-version":[{"id":5960,"href":"https:\/\/vilamascote.com.br\/index.php\/wp-json\/wp\/v2\/posts\/5953\/revisions\/5960"}],"wp:featuredmedia":[{"embeddable":true,"href":"https:\/\/vilamascote.com.br\/index.php\/wp-json\/wp\/v2\/media\/5956"}],"wp:attachment":[{"href":"https:\/\/vilamascote.com.br\/index.php\/wp-json\/wp\/v2\/media?parent=5953"}],"wp:term":[{"taxonomy":"category","embeddable":true,"href":"https:\/\/vilamascote.com.br\/index.php\/wp-json\/wp\/v2\/categories?post=5953"},{"taxonomy":"post_tag","embeddable":true,"href":"https:\/\/vilamascote.com.br\/index.php\/wp-json\/wp\/v2\/tags?post=5953"}],"curies":[{"name":"wp","href":"https:\/\/api.w.org\/{rel}","templated":true}]}}