{"id":5729,"date":"2015-12-01T08:00:15","date_gmt":"2015-12-01T11:00:15","guid":{"rendered":"http:\/\/vilamascote.com.br\/?p=5729"},"modified":"2015-12-01T08:00:15","modified_gmt":"2015-12-01T11:00:15","slug":"por-que-e-tao-dificil-lembrar-o-nome-das-pessoas-bbc-brasil","status":"publish","type":"post","link":"https:\/\/vilamascote.com.br\/index.php\/uteis\/5729\/por-que-e-tao-dificil-lembrar-o-nome-das-pessoas-bbc-brasil","title":{"rendered":"Por que \u00e9 t\u00e3o dif\u00edcil lembrar o nome das pessoas? (BBC Brasil)"},"content":{"rendered":"<p class=\"story-body__introduction\"><a href=\"https:\/\/vilamascote.com.br\/wp-content\/uploads\/2015\/12\/memoria.jpg\"><img loading=\"lazy\" decoding=\"async\" class=\"aligncenter wp-image-5730 size-full\" src=\"https:\/\/vilamascote.com.br\/wp-content\/uploads\/2015\/12\/memoria.jpg\" alt=\"memoria\" width=\"600\" height=\"270\" srcset=\"https:\/\/vilamascote.com.br\/wp-content\/uploads\/2015\/12\/memoria.jpg 600w, https:\/\/vilamascote.com.br\/wp-content\/uploads\/2015\/12\/memoria-300x135.jpg 300w\" sizes=\"auto, (max-width: 600px) 100vw, 600px\" \/><\/a>Quantas vezes nos pegamos diante de uma pessoa que acabamos de conhecer e logo em seguida j\u00e1 esquecemos seu nome, mesmo depois de uma longa conversa? \u00c9 um problema que aflige um dos meus leitores, Dan, e o que me inspirou a escrever este artigo.<\/p>\n<p>A resposta para esse mist\u00e9rio envolve aprender algo fundamental sobre a natureza da mem\u00f3ria. E tamb\u00e9m oferece uma solu\u00e7\u00e3o que pode ajudar a evitar situa\u00e7\u00f5es constrangedoras.<\/p>\n<p>Para come\u00e7ar, \u00e9 preciso reconhecer que nossa mem\u00f3ria n\u00e3o \u00e9 um simples arquivo com pastas separadas para cada tipo de informa\u00e7\u00e3o.<\/p>\n<p>Pelo contr\u00e1rio, nossa mente \u00e9 associativa. Ela \u00e9 constru\u00edda a partir de padr\u00f5es de informa\u00e7\u00f5es interconectadas.<\/p>\n<p>E \u00e9 por isso que \u201csonhamos acordados\u201d: se voc\u00ea est\u00e1 lendo um livro e nota que ele foi impresso em Paris, pensa logo que Paris abriga a Torre Eiffel, que, por sua vez, foi um dos lugares que sua prima Ana visitou no ano passado, e que Ana adora sorvete de morango. Ent\u00e3o, logo vai se perguntar se Ana tomou sorvete de morango quando estava no alto da torre.<\/p>\n<h2 class=\"story-body__crosshead\">Associa\u00e7\u00f5es de tempo e espa\u00e7o<\/h2>\n<p>Tudo funciona assim: cada item se conecta com todos os outros, mas n\u00e3o pela l\u00f3gica, e sim pela coincid\u00eancia de tempo, espa\u00e7o, como voc\u00ea ficou sabendo da informa\u00e7\u00e3o e o que ela significa.<\/p>\n<p>A mesma rede de associa\u00e7\u00f5es faz com que voc\u00ea possa adivinhar uma pergunta a partir da sua resposta. Por exemplo, a resposta \u201cTorre Eiffel\u201d se adequa \u00e0 pergunta \u201cQual o monumento mais famoso de Paris?\u201d.<\/p>\n<p>Isso torna a mem\u00f3ria algo \u00fatil: \u00e9 poss\u00edvel ir facilmente do conte\u00fado para o r\u00f3tulo, e vice-versa. A pergunta \u201cO que h\u00e1 na gaveta mais alta da c\u00f4moda?\u201d pode n\u00e3o ser muito interessante, mas se torna importante quando voc\u00ea precisa responder a uma quest\u00e3o como \u201cOnde est\u00e3o as chaves?\u201d.<\/p>\n<p>A mem\u00f3ria \u00e9 constru\u00edda dessa maneira de prop\u00f3sito \u2013 e agora podemos entender por que esquecemos os nomes.<\/p>\n<p>Nossa mem\u00f3ria \u00e9 impressionante, mas ela responde \u00e0 quantidade de associa\u00e7\u00f5es que fazemos com uma informa\u00e7\u00e3o nova, e independente da vontade que temos de memoriz\u00e1-la.<\/p>\n<p>Quando encontramos algu\u00e9m pela primeira vez e ouvimos seu nome, a mem\u00f3ria pode perceber a informa\u00e7\u00e3o como algo arbitr\u00e1rio e desconectado de tudo o que sabemos ou viremos a saber.<\/p>\n<p>Depois da conversa, na qual voc\u00ea provavelmente aprendeu sobre o emprego, os hobbies, a fam\u00edlia e outras coisas a respeito da pessoa, todas essas informa\u00e7\u00f5es se interligam na mem\u00f3ria.<\/p>\n<h2 class=\"story-body__crosshead\">Dicas para afiar a mem\u00f3ria<\/h2>\n<p>Felizmente, h\u00e1 maneiras de refor\u00e7ar essas interliga\u00e7\u00f5es para que elas fiquem arraigadas com as outras lembran\u00e7as.<\/p>\n<p>Eis aqui algumas maneiras de lembrar o nome de algu\u00e9m, usando apenas alguns princ\u00edpios b\u00e1sicos.<\/p>\n<p>Primeiro, repita qualquer nome novo que voc\u00ea escutar. A pr\u00e1tica \u00e9 uma das regras de ouro do aprendizado e significa mem\u00f3rias mais s\u00f3lidas. Al\u00e9m disso, ao usar o nome da pessoa, voc\u00ea o est\u00e1 ligando a si mesmo, no ato f\u00edsico de pronunci\u00e1-lo, e tamb\u00e9m ao assunto da conversa.<\/p>\n<p>Em segundo lugar, tente ligar o nome que acabou de ouvir a algo que voc\u00ea j\u00e1 sabe. N\u00e3o importa se a rela\u00e7\u00e3o parece boba. O importante \u00e9 encontrar alguma conex\u00e3o para ajudar o nome a se fixar na mem\u00f3ria.<\/p>\n<p>Por exemplo, voc\u00ea pode estar conversando com algu\u00e9m chamado Jo\u00e3o e se lembrar que seu melhor amigo na escola se chamava Jo\u00e3o, e que apesar deste Jo\u00e3o estar usando uma camisa azul, o Jo\u00e3o da escola s\u00f3 se vestia de preto.<\/p>\n<p>Finalmente, \u00e9 preciso tentar ligar o nome a algo mais sobre aquela pessoa. Por exemplo, Jo\u00e3o \u00e9 um nome b\u00edblico e come\u00e7a com \u201cJ\u201d, assim como o Jonas da B\u00edblia, que foi engolido por uma baleia. Este Jo\u00e3o gosta de pescar, ent\u00e3o tamb\u00e9m \u00e9 mais f\u00e1cil associar essas informa\u00e7\u00f5es.<\/p>\n<p>Fazer essas rela\u00e7\u00f5es ajuda a criar uma rede de associa\u00e7\u00f5es em sua mem\u00f3ria, e essa rede vai evitar que o nome da pessoa \u201csuma\u201d da sua mente quando voc\u00ea tiver que apresent\u00e1-la a outra, por exemplo.<\/p>\n<p>Se voc\u00ea duvida disso, fa\u00e7a este r\u00e1pido teste: eu mencionei tr\u00eas nomes neste texto. Aposto que voc\u00ea se lembra de Jo\u00e3o, que n\u00e3o \u00e9 Jonas. E provavelmente tamb\u00e9m da prima Ana.<\/p>\n<p>Mas e o meu leitor, que quis saber mais sobre o fen\u00f4meno do esquecimento? Foi o \u00fanico que eu apresentei sem fazer qualquer rela\u00e7\u00e3o elaborada com seu nome. E \u00e9 por isso que tenho certeza que voc\u00ea j\u00e1 esqueceu como ele se chama.<\/p>\n<p><i>*Tom Stafford \u00e9 professor de psicologia e ci\u00eancia cognitiva da Universidade de Sheffield, na Gr\u00e3-Bretanha.<\/i><\/p>\n<p><i><strong>Leia a <a class=\"story-body__link\" href=\"http:\/\/www.bbc.com\/future\/story\/20151113-how-to-never-forget-a-name-again\"> vers\u00e3o original desta reportagem<\/a> (em ingl\u00eas) no site <a class=\"story-body__link\" href=\"http:\/\/www.bbc.com\/future\"> BBC Future<\/a><\/strong><\/i><\/p>\n","protected":false},"excerpt":{"rendered":"<p>Algumas dicas para lembrar o nome de algu\u00e9m, usando apenas princ\u00edpios b\u00e1sicos.<\/p>\n","protected":false},"author":1,"featured_media":0,"comment_status":"open","ping_status":"open","sticky":false,"template":"","format":"standard","meta":{"footnotes":""},"categories":[73,32],"tags":[],"class_list":["post-5729","post","type-post","status-publish","format-standard","","category-outros","category-uteis"],"_links":{"self":[{"href":"https:\/\/vilamascote.com.br\/index.php\/wp-json\/wp\/v2\/posts\/5729","targetHints":{"allow":["GET"]}}],"collection":[{"href":"https:\/\/vilamascote.com.br\/index.php\/wp-json\/wp\/v2\/posts"}],"about":[{"href":"https:\/\/vilamascote.com.br\/index.php\/wp-json\/wp\/v2\/types\/post"}],"author":[{"embeddable":true,"href":"https:\/\/vilamascote.com.br\/index.php\/wp-json\/wp\/v2\/users\/1"}],"replies":[{"embeddable":true,"href":"https:\/\/vilamascote.com.br\/index.php\/wp-json\/wp\/v2\/comments?post=5729"}],"version-history":[{"count":1,"href":"https:\/\/vilamascote.com.br\/index.php\/wp-json\/wp\/v2\/posts\/5729\/revisions"}],"predecessor-version":[{"id":5731,"href":"https:\/\/vilamascote.com.br\/index.php\/wp-json\/wp\/v2\/posts\/5729\/revisions\/5731"}],"wp:attachment":[{"href":"https:\/\/vilamascote.com.br\/index.php\/wp-json\/wp\/v2\/media?parent=5729"}],"wp:term":[{"taxonomy":"category","embeddable":true,"href":"https:\/\/vilamascote.com.br\/index.php\/wp-json\/wp\/v2\/categories?post=5729"},{"taxonomy":"post_tag","embeddable":true,"href":"https:\/\/vilamascote.com.br\/index.php\/wp-json\/wp\/v2\/tags?post=5729"}],"curies":[{"name":"wp","href":"https:\/\/api.w.org\/{rel}","templated":true}]}}