{"id":4908,"date":"2010-01-26T10:38:35","date_gmt":"2010-01-26T13:38:35","guid":{"rendered":"http:\/\/vilamascote.com.br\/?p=4908"},"modified":"2010-02-02T10:39:54","modified_gmt":"2010-02-02T13:39:54","slug":"falta-criatividade-para-a-parceria-nike-corinthians","status":"publish","type":"post","link":"https:\/\/vilamascote.com.br\/index.php\/diversao\/diversos\/4908\/falta-criatividade-para-a-parceria-nike-corinthians","title":{"rendered":"Falta criatividade para a parceria Nike \/ Corinthians"},"content":{"rendered":"<p>No lan\u00e7amento da camiseta do terceiro uniforme do Corinthians para a temporada 2009, muito se falou da semelhan\u00e7a que a camiseta tem com a camiseta de outro tradicional clube onde a Nike \u00e9 fornecedora do material esportivo, o Inter de Mil\u00e3o. Aparentemente essa compara\u00e7\u00e3o n\u00e3o incomodou em nada os parceiros\u00a0 Nike \/ Corinthians. Menos de um ano ap\u00f3s &#8220;criar&#8221; a camiseta do Corinthians para a temporada 2009, a fornecedora de materiais esportivos do tim\u00e3o &#8220;cria&#8221; mais uma camiseta &#8220;Especial&#8221; para o ano\u00a0 do centen\u00e1rio\u00a0 do clube, comemorado este ano (1910-2010). E n\u00e3o \u00e9 que a camiseta do Centen\u00e1rio do Corinthians tamb\u00e9m tem semelhan\u00e7as\u00a0 com a camiseta do Centen\u00e1rio do Inter de Mil\u00e3o!!<\/p>\n<p>Veja a foto abaixo e tire suas pr\u00f3prias conclus\u00f5es.<\/p>\n<p style=\"text-align: center;\"><a title=\"Comparativo entre as camisetas do Corinthians e do Inter de Mil\u00e3o\" rel=\"lightbox-1\" href=\"https:\/\/vilamascote.com.br\/wp-content\/uploads\/2010\/02\/inter.jpg\"><img loading=\"lazy\" decoding=\"async\" class=\"aligncenter size-medium wp-image-4909\" title=\"CORINTHIANS INTER\" src=\"https:\/\/vilamascote.com.br\/wp-content\/uploads\/2010\/02\/inter-300x270.jpg\" alt=\"\" width=\"300\" height=\"270\" srcset=\"https:\/\/vilamascote.com.br\/wp-content\/uploads\/2010\/02\/inter-300x270.jpg 300w, https:\/\/vilamascote.com.br\/wp-content\/uploads\/2010\/02\/inter.jpg 1000w\" sizes=\"auto, (max-width: 300px) 100vw, 300px\" \/><\/a><\/p>\n","protected":false},"excerpt":{"rendered":"<p>No lan\u00e7amento da camiseta do terceiro uniforme do Corinthians para a temporada 2009, muito se falou da semelhan\u00e7a que a camiseta tem com a camiseta de outro tradicional clube onde a Nike \u00e9 fornecedora do material esportivo, o Inter de Mil\u00e3o. Aparentemente essa compara\u00e7\u00e3o n\u00e3o incomodou em nada os parceiros\u00a0 Nike \/ Corinthians. Menos de &hellip;<\/p>\n","protected":false},"author":1,"featured_media":0,"comment_status":"open","ping_status":"open","sticky":false,"template":"","format":"standard","meta":{"footnotes":""},"categories":[13],"tags":[],"class_list":["post-4908","post","type-post","status-publish","format-standard","","category-diversos"],"_links":{"self":[{"href":"https:\/\/vilamascote.com.br\/index.php\/wp-json\/wp\/v2\/posts\/4908","targetHints":{"allow":["GET"]}}],"collection":[{"href":"https:\/\/vilamascote.com.br\/index.php\/wp-json\/wp\/v2\/posts"}],"about":[{"href":"https:\/\/vilamascote.com.br\/index.php\/wp-json\/wp\/v2\/types\/post"}],"author":[{"embeddable":true,"href":"https:\/\/vilamascote.com.br\/index.php\/wp-json\/wp\/v2\/users\/1"}],"replies":[{"embeddable":true,"href":"https:\/\/vilamascote.com.br\/index.php\/wp-json\/wp\/v2\/comments?post=4908"}],"version-history":[{"count":3,"href":"https:\/\/vilamascote.com.br\/index.php\/wp-json\/wp\/v2\/posts\/4908\/revisions"}],"predecessor-version":[{"id":4911,"href":"https:\/\/vilamascote.com.br\/index.php\/wp-json\/wp\/v2\/posts\/4908\/revisions\/4911"}],"wp:attachment":[{"href":"https:\/\/vilamascote.com.br\/index.php\/wp-json\/wp\/v2\/media?parent=4908"}],"wp:term":[{"taxonomy":"category","embeddable":true,"href":"https:\/\/vilamascote.com.br\/index.php\/wp-json\/wp\/v2\/categories?post=4908"},{"taxonomy":"post_tag","embeddable":true,"href":"https:\/\/vilamascote.com.br\/index.php\/wp-json\/wp\/v2\/tags?post=4908"}],"curies":[{"name":"wp","href":"https:\/\/api.w.org\/{rel}","templated":true}]}}