{"id":4886,"date":"2010-01-27T11:36:20","date_gmt":"2010-01-27T14:36:20","guid":{"rendered":"http:\/\/vilamascote.com.br\/?p=4886"},"modified":"2010-01-27T11:36:20","modified_gmt":"2010-01-27T14:36:20","slug":"concurso-para-professores-recebe-inscricoes-a-partir-de-hoje","status":"publish","type":"post","link":"https:\/\/vilamascote.com.br\/index.php\/noticias\/governo\/4886\/concurso-para-professores-recebe-inscricoes-a-partir-de-hoje","title":{"rendered":"Concurso para professores recebe inscri\u00e7\u00f5es a partir de hoje"},"content":{"rendered":"<p style=\"text-align: center;\"><img loading=\"lazy\" decoding=\"async\" class=\"aligncenter size-full wp-image-4887\" style=\"border: 1px solid black;\" title=\"emprego\" src=\"https:\/\/vilamascote.com.br\/wp-content\/uploads\/2010\/01\/emprego.jpg\" alt=\"\" width=\"600\" height=\"277\" srcset=\"https:\/\/vilamascote.com.br\/wp-content\/uploads\/2010\/01\/emprego.jpg 600w, https:\/\/vilamascote.com.br\/wp-content\/uploads\/2010\/01\/emprego-300x138.jpg 300w\" sizes=\"auto, (max-width: 600px) 100vw, 600px\" \/>As inscri\u00e7\u00f5es para o concurso que vai contratar cerca de 10 mil professores do Ensino Fundamental e M\u00e9dio (PEB II) come\u00e7am hoje, 27, a partir das 10h. O prazo se encerra \u00e0s 14h do dia 11 de fevereiro de 2010. As inscri\u00e7\u00f5es devem ser feitas no <a href=\"http:\/\/www.concursosfcc.com.br\/\" target=\"_blank\">site da Funda\u00e7\u00e3o Carlos Chagas<\/a>.<\/p>\n<p>&#8220;A abertura desse concurso faz parte das a\u00e7\u00f5es previstas no Programa + Qualidade. N\u00e3o s\u00f3 colocaremos mais 10 mil docentes efetivos na rede, como vamos capacit\u00e1-los na Escola de Forma\u00e7\u00e3o de Professores. Com isso, teremos professores mais bem preparados nas salas de aula e, consequentemente, melhor qualidade de ensino para nossos alunos&#8221;, disse o secret\u00e1rio da Educa\u00e7\u00e3o Paulo Renato Souza.<\/p>\n<p>O concurso ser\u00e1 realizado em tr\u00eas etapas: prova objetiva, constitu\u00edda por 80 quest\u00f5es; avalia\u00e7\u00e3o de t\u00edtulos; curso espec\u00edfico de forma\u00e7\u00e3o, com prova de aptid\u00e3o, em datas a serem divulgadas.<\/p>\n<p>As vagas s\u00e3o para docentes nas disciplinas de arte, biologia, ci\u00eancias f\u00edsicas e biol\u00f3gicas, educa\u00e7\u00e3o f\u00edsica, filosofia, f\u00edsica, geografia, hist\u00f3ria, ingl\u00eas, l\u00edngua portuguesa, matem\u00e1tica, qu\u00edmica, sociologia e educa\u00e7\u00e3o especial &#8211; defici\u00eancias auditiva, f\u00edsica, mental e visual.<\/p>\n<p>O candidato dever\u00e1 comprovar conclus\u00e3o de curso superior &#8211; licenciatura de gradua\u00e7\u00e3o plena, com habilita\u00e7\u00e3o espec\u00edfica na \u00e1rea pretendida, ou forma\u00e7\u00e3o superior na \u00e1rea correspondente e complementa\u00e7\u00e3o nos termos da legisla\u00e7\u00e3o. Os sal\u00e1rios v\u00e3o de R$ 549,00 (para carga hor\u00e1ria de 12 horas semanais) at\u00e9 R$ 1.834,85 (para 40 horas semanais).<\/p>\n<p>Para se candidatar, os interessados dever\u00e3o preencher o formul\u00e1rio dispon\u00edvel no site e efetuar o pagamento da inscri\u00e7\u00e3o, no valor de R$ 27,25, por meio de boleto banc\u00e1rio, d\u00e9bito em conta corrente de bancos conveniados at\u00e9 a data de encerramento das inscri\u00e7\u00f5es, dinheiro ou cheque. Estudantes que tenham remunera\u00e7\u00e3o mensal inferior a dois sal\u00e1rios m\u00ednimos ou que estejam desempregados poder\u00e3o pedir 50% de isen\u00e7\u00e3o na taxa. As solicita\u00e7\u00f5es devem ser feitas do dia 27 a 29 de janeiro, no mesmo site das inscri\u00e7\u00f5es.<\/p>\n<p>A partir do dia 22 de fevereiro, o candidato poder\u00e1 conferir no site da Funda\u00e7\u00e3o Carlos Chagas se sua inscri\u00e7\u00e3o foi efetivada. Caso contr\u00e1rio, dever\u00e1 entrar em contato com o Servi\u00e7o de Atendimento ao Candidato &#8211; SAC da Funda\u00e7\u00e3o Carlos Chagas, telefone (0XX11) 3723-4388, de segunda a sexta-feira, em dias \u00fateis, das 10h \u00e0s 16h, para verificar se houve alguma falha no processo.<\/p>\n<h3>Sobre o Programa + Qualidade<\/h3>\n<p>O Programa de Valoriza\u00e7\u00e3o pelo M\u00e9rito \u00e9 a segunda etapa do Programa + Qualidade na Escola, lan\u00e7ado em maio de 2009 pelo Governo do Estado. Em sua primeira fase, o programa criou a Escola de Forma\u00e7\u00e3o de Professores de S\u00e3o Paulo, mudou a forma de ingresso dos profissionais do magist\u00e9rio (instituindo o curso de forma\u00e7\u00e3o como \u00faltima etapa do processo seletivo), criou duas novas jornadas de trabalho (de 12 e 40 horas semanais), abriu 80 mil novos cargos efetivos do magist\u00e9rio e regulamentou a situa\u00e7\u00e3o dos professores tempor\u00e1rios, instituindo o exame como requisito para sua atua\u00e7\u00e3o nas aulas.<\/p>\n<p>Al\u00e9m do programa de valoriza\u00e7\u00e3o, os profissionais continuar\u00e3o se beneficiando do B\u00f4nus por Resultado, que paga at\u00e9 2,9 sal\u00e1rios extras por ano para as equipes que superarem as metas estabelecidas para cada escola. Com o novo programa, os valores pagos pelo b\u00f4nus ser\u00e3o ainda maiores, pois os sal\u00e1rios ser\u00e3o maiores.<\/p>\n<p>O Programa Valoriza\u00e7\u00e3o pelo M\u00e9rito d\u00e1 sequ\u00eancia ao amplo programa desenvolvido pelo Governo do Estado para melhorar a qualidade da educa\u00e7\u00e3o, com medidas como o Programa Ler e Escrever (voltado \u00e0 acelera\u00e7\u00e3o da alfabetiza\u00e7\u00e3o de crian\u00e7as de 1\u00aa \u00e0 4\u00aa s\u00e9ries), o S\u00e3o Paulo Faz Escola (com novo curr\u00edculo e materiais espec\u00edficos para alunos e professores) e diversas modalidades de recupera\u00e7\u00e3o de aprendizagem para alunos com dificuldades, entre outras a\u00e7\u00f5es.<\/p>\n","protected":false},"excerpt":{"rendered":"<p>As inscri\u00e7\u00f5es para o concurso que vai contratar cerca de 10 mil professores do Ensino Fundamental e M\u00e9dio (PEB II) come\u00e7am hoje, 27, a partir das 10h. O prazo se encerra \u00e0s 14h do dia 11 de fevereiro de 2010. As inscri\u00e7\u00f5es devem ser feitas no site da Funda\u00e7\u00e3o Carlos Chagas. &#8220;A abertura desse concurso &hellip;<\/p>\n","protected":false},"author":1,"featured_media":0,"comment_status":"open","ping_status":"open","sticky":false,"template":"","format":"standard","meta":{"footnotes":""},"categories":[50],"tags":[49],"class_list":["post-4886","post","type-post","status-publish","format-standard","","category-governo","tag-emprego"],"_links":{"self":[{"href":"https:\/\/vilamascote.com.br\/index.php\/wp-json\/wp\/v2\/posts\/4886","targetHints":{"allow":["GET"]}}],"collection":[{"href":"https:\/\/vilamascote.com.br\/index.php\/wp-json\/wp\/v2\/posts"}],"about":[{"href":"https:\/\/vilamascote.com.br\/index.php\/wp-json\/wp\/v2\/types\/post"}],"author":[{"embeddable":true,"href":"https:\/\/vilamascote.com.br\/index.php\/wp-json\/wp\/v2\/users\/1"}],"replies":[{"embeddable":true,"href":"https:\/\/vilamascote.com.br\/index.php\/wp-json\/wp\/v2\/comments?post=4886"}],"version-history":[{"count":2,"href":"https:\/\/vilamascote.com.br\/index.php\/wp-json\/wp\/v2\/posts\/4886\/revisions"}],"predecessor-version":[{"id":4889,"href":"https:\/\/vilamascote.com.br\/index.php\/wp-json\/wp\/v2\/posts\/4886\/revisions\/4889"}],"wp:attachment":[{"href":"https:\/\/vilamascote.com.br\/index.php\/wp-json\/wp\/v2\/media?parent=4886"}],"wp:term":[{"taxonomy":"category","embeddable":true,"href":"https:\/\/vilamascote.com.br\/index.php\/wp-json\/wp\/v2\/categories?post=4886"},{"taxonomy":"post_tag","embeddable":true,"href":"https:\/\/vilamascote.com.br\/index.php\/wp-json\/wp\/v2\/tags?post=4886"}],"curies":[{"name":"wp","href":"https:\/\/api.w.org\/{rel}","templated":true}]}}