{"id":4839,"date":"2010-01-14T16:22:42","date_gmt":"2010-01-14T19:22:42","guid":{"rendered":"http:\/\/vilamascote.com.br\/?p=4839"},"modified":"2010-01-14T16:22:42","modified_gmt":"2010-01-14T19:22:42","slug":"subprefeitura-jabaquara-atende-vitimas-de-incendio-na-rocinha","status":"publish","type":"post","link":"https:\/\/vilamascote.com.br\/index.php\/noticias\/4839\/subprefeitura-jabaquara-atende-vitimas-de-incendio-na-rocinha","title":{"rendered":"Subprefeitura Jabaquara atende v\u00edtimas de inc\u00eandio na Rocinha"},"content":{"rendered":"<p><a title=\"Um incendio destruiu alguns barracos da favela da Rocinha que fica no bairro do Jardim Aeroporto, proximo ao aeroporto de Congonhas, zona sul. Na foto, bombeiros trabalham para apagar o fogo dos barracos. - FOTO: JB NETO \/ AE\" rel=\"lightbox-1\" href=\"https:\/\/vilamascote.com.br\/wp-content\/uploads\/2010\/01\/incendio600.jpg\"><img loading=\"lazy\" decoding=\"async\" class=\"alignleft size-medium wp-image-4841\" style=\"border: 1px solid black; margin: 5px 10px;\" title=\"INCENDIO EM FAVELA DO JARDIM AEROPORTO\" src=\"https:\/\/vilamascote.com.br\/wp-content\/uploads\/2010\/01\/incendio600-300x200.jpg\" alt=\"\" width=\"300\" height=\"200\" srcset=\"https:\/\/vilamascote.com.br\/wp-content\/uploads\/2010\/01\/incendio600-300x200.jpg 300w, https:\/\/vilamascote.com.br\/wp-content\/uploads\/2010\/01\/incendio600.jpg 600w\" sizes=\"auto, (max-width: 300px) 100vw, 300px\" \/><\/a>Desde a madrugada desta quinta-feira (14\/01), a Subprefeitura de Jabaquara atende as v\u00edtimas do inc\u00eandio que atingiu cerca de 71 moradias na favela da Rocinha, na Vila Santa Catarina.<\/p>\n<p>O inc\u00eandio come\u00e7ou por volta das 2 horas e o Corpo de Bombeiros e a Defesa Civil foram acionados.<\/p>\n<p>Ainda no per\u00edodo da manh\u00e3, os moradores que tiveram suas casas incendiadas come\u00e7aram a ser cadastrados pela Assist\u00eancia Social. At\u00e9 as 16 horas, foram atendidas 71 fam\u00edlias, totalizando 154 pessoas e foram entregues 65 cestas b\u00e1sicas, 65 kits de higiene, 120 colch\u00f5es e 120 cobertores. Tamb\u00e9m foram servidas 150 refei\u00e7\u00f5es.<br \/>\nN\u00e3o foi necess\u00e1ria a abertura de abrigo e as fam\u00edlias permanecem alojadas em casas de parentes e amigos.<\/p>\n[mappress]\n<p><strong>Outros casos <\/strong><\/p>\n<p>Localizada no Complexo Alba &#8211; conjunto de 14 favelas &#8211; a Rocinha, a segunda maior, atr\u00e1s apenas da Favela Alba, foi palco de outro inc\u00eandio no final da madrugada do dia 21 de novembro de 2008, quando cerca de 30 barracos foram destru\u00eddos. Na ocasi\u00e3o chegou a 21 o total de viaturas enviadas para o local.<\/p>\n<p>Em 19 de dezembro de 2009, cerca de 90 barracos foram destru\u00eddos na Favela Alba, outra que comp\u00f5e o complexo de favelas. Naquele dia, participaram do combate ao fogo 73 homens em 23 ve\u00edculos. Um curto-circuito teria sido a causa do inc\u00eandio segundo moradores.<\/p>\n<p><object classid=\"clsid:d27cdb6e-ae6d-11cf-96b8-444553540000\" width=\"480\" height=\"392\" codebase=\"http:\/\/download.macromedia.com\/pub\/shockwave\/cabs\/flash\/swflash.cab#version=6,0,40,0\"><param name=\"quality\" value=\"high\" \/><param name=\"FlashVars\" value=\"midiaId=1190736&amp;autoStart=false&amp;width=480&amp;height=392\" \/><param name=\"src\" value=\"http:\/\/video.globo.com\/Portal\/videos\/cda\/player\/player.swf\" \/><param name=\"flashvars\" value=\"midiaId=1190736&amp;autoStart=false&amp;width=480&amp;height=392\" \/><embed type=\"application\/x-shockwave-flash\" width=\"480\" height=\"392\" src=\"http:\/\/video.globo.com\/Portal\/videos\/cda\/player\/player.swf\" flashvars=\"midiaId=1190736&amp;autoStart=false&amp;width=480&amp;height=392\" quality=\"high\"><\/embed><\/object><\/p>\n<div id=\"_mcePaste\" style=\"overflow: hidden; position: absolute; left: -10000px; top: 92px; width: 1px; height: 1px;\">\n<p><span style=\"font-size: large;\"><strong>Outros casos <\/strong><\/span><\/p>\n<p>Localizada no Complexo Alba &#8211; conjunto de 14 favelas &#8211; a Rocinha, a segunda maior, atr\u00e1s apenas da Favela Alba, foi palco de outro inc\u00eandio no final da madrugada do dia 21 de novembro de 2008, quando cerca de 30 barracos foram destru\u00eddos. Na ocasi\u00e3o chegou a 21 o total de viaturas enviadas para o local.<\/p>\n<p>Em 19 de dezembro de 2009, cerca de 90 barracos foram destru\u00eddos na Favela Alba, outra que comp\u00f5e o complexo de favelas. Naquele dia, participaram do combate ao fogo 73 homens em 23 ve\u00edculos. Um curto-circuito teria sido a causa do inc\u00eandio segundo moradores.<\/p>\n<\/div>\n","protected":false},"excerpt":{"rendered":"<p>Desde a madrugada desta quinta-feira (14\/01), a Subprefeitura de Jabaquara atende as v\u00edtimas do inc\u00eandio que atingiu cerca de 71 moradias na favela da Rocinha, na Vila Santa Catarina. O inc\u00eandio come\u00e7ou por volta das 2 horas e o Corpo de Bombeiros e a Defesa Civil foram acionados. Ainda no per\u00edodo da manh\u00e3, os moradores &hellip;<\/p>\n","protected":false},"author":1,"featured_media":0,"comment_status":"open","ping_status":"open","sticky":false,"template":"","format":"standard","meta":{"footnotes":""},"categories":[22,1,21],"tags":[],"class_list":["post-4839","post","type-post","status-publish","format-standard","","category-bairro","category-noticias","category-subprefeitura-jabaquara"],"_links":{"self":[{"href":"https:\/\/vilamascote.com.br\/index.php\/wp-json\/wp\/v2\/posts\/4839","targetHints":{"allow":["GET"]}}],"collection":[{"href":"https:\/\/vilamascote.com.br\/index.php\/wp-json\/wp\/v2\/posts"}],"about":[{"href":"https:\/\/vilamascote.com.br\/index.php\/wp-json\/wp\/v2\/types\/post"}],"author":[{"embeddable":true,"href":"https:\/\/vilamascote.com.br\/index.php\/wp-json\/wp\/v2\/users\/1"}],"replies":[{"embeddable":true,"href":"https:\/\/vilamascote.com.br\/index.php\/wp-json\/wp\/v2\/comments?post=4839"}],"version-history":[{"count":3,"href":"https:\/\/vilamascote.com.br\/index.php\/wp-json\/wp\/v2\/posts\/4839\/revisions"}],"predecessor-version":[{"id":4843,"href":"https:\/\/vilamascote.com.br\/index.php\/wp-json\/wp\/v2\/posts\/4839\/revisions\/4843"}],"wp:attachment":[{"href":"https:\/\/vilamascote.com.br\/index.php\/wp-json\/wp\/v2\/media?parent=4839"}],"wp:term":[{"taxonomy":"category","embeddable":true,"href":"https:\/\/vilamascote.com.br\/index.php\/wp-json\/wp\/v2\/categories?post=4839"},{"taxonomy":"post_tag","embeddable":true,"href":"https:\/\/vilamascote.com.br\/index.php\/wp-json\/wp\/v2\/tags?post=4839"}],"curies":[{"name":"wp","href":"https:\/\/api.w.org\/{rel}","templated":true}]}}