{"id":4791,"date":"2010-01-08T14:44:48","date_gmt":"2010-01-08T17:44:48","guid":{"rendered":"http:\/\/vilamascote.com.br\/?p=4791"},"modified":"2010-01-08T14:44:48","modified_gmt":"2010-01-08T17:44:48","slug":"entrega-da-primeira-etapa-do-parque-leopoldina-villas-boas","status":"publish","type":"post","link":"https:\/\/vilamascote.com.br\/index.php\/noticias\/prefeitura\/4791\/entrega-da-primeira-etapa-do-parque-leopoldina-villas-boas","title":{"rendered":"Entrega da primeira etapa do Parque Leopoldina-Villas B\u00f4as"},"content":{"rendered":"<p><a title=\"O novo parque tem uma \u00e1rea total de 260 mil m\u00b2, duas vezes maior que o Parque da Aclima\u00e7\u00e3o, na regi\u00e3o central. Foto: Ricardo Fonseca\/Secom\" rel=\"lightbox-1\" href=\"https:\/\/vilamascote.com.br\/wp-content\/uploads\/2010\/01\/2010_01_07_parque_leopoldina_3.jpg\"><img loading=\"lazy\" decoding=\"async\" class=\"alignleft size-medium wp-image-4793\" style=\"border: 1px solid black; margin: 5px 10px;\" title=\"2010_01_07_parque_leopoldina_3\" src=\"https:\/\/vilamascote.com.br\/wp-content\/uploads\/2010\/01\/2010_01_07_parque_leopoldina_3-300x200.jpg\" alt=\"\" width=\"300\" height=\"200\" srcset=\"https:\/\/vilamascote.com.br\/wp-content\/uploads\/2010\/01\/2010_01_07_parque_leopoldina_3-300x200.jpg 300w, https:\/\/vilamascote.com.br\/wp-content\/uploads\/2010\/01\/2010_01_07_parque_leopoldina_3-1024x682.jpg 1024w, https:\/\/vilamascote.com.br\/wp-content\/uploads\/2010\/01\/2010_01_07_parque_leopoldina_3.jpg 1500w\" sizes=\"auto, (max-width: 300px) 100vw, 300px\" \/><\/a>A cidade de                          S\u00e3o Paulo ganhou mais uma \u00e1rea verde. Nesta quinta-feira                          (7), o prefeito Gilberto Kassab e o governador Jos\u00e9                          Serra entregaram a primeira etapa do Parque                          Leopoldina-Villas B\u00f4as, na Zona Oeste. Resultado de uma                          parceria entre a Prefeitura e o Governo do Estado, o                          parque Leopoldina-Villas B\u00f4as est\u00e1 localizado na avenida                          Embaixador Macedo Soares, altura do n\u00ba 8.000, junto \u00e0                          marginal do Rio Tiet\u00ea.<\/p>\n<p>O total de                          investimentos nesta primeira etapa \u00e9 da ordem de R$ 4,5                          milh\u00f5es, sendo que R$ 2,5 milh\u00f5es foram gastos na                          reforma, e outros R$ 2 milh\u00f5es ser\u00e3o aplicados na                          conclus\u00e3o da primeira fase de interven\u00e7\u00f5es. Os recursos                          s\u00e3o provenientes de compensa\u00e7\u00e3o ambiental.\u00a0 Para s                          \u00e9ter uma id\u00e9ia, o novo parque tem uma \u00e1rea total de 260                          mil m\u00b2, duas vezes                          maior que o Parque da Aclima\u00e7\u00e3o, na regi\u00e3o                          central.<\/p>\n<p>&#8220;Esse parque                          \u00e9 o exemplo da importante parceria entre a Prefeitura e                          o Governo do Estado, que transformaram esse local em uma                          grande \u00e1rea de lazer para a popula\u00e7\u00e3o da Vila Leopoldina                          e toda regi\u00e3o. Estamos dando mais um importante passo no                          sentido de melhorar a qualidade de vida das pessoas que                          aqui moram. Com esta entrega vamos atingir a marca de                          100 parques entregues na cidade at\u00e9 o final da gest\u00e3o&#8221;,                          disse Kassab.<\/p>\n<p>A cria\u00e7\u00e3o do                          parque foi inspirada na figura do indigenista, Orlando                          Villas B\u00f4as e,                          simbolicamente, reafirma o compromisso que a cidade tem                          com os povos ind\u00edgenas e com a preserva\u00e7\u00e3o da Amaz\u00f4nia.                          Tanto a Prefeitura como o Governo do Estado possuem                          programas de prote\u00e7\u00e3o da floresta, com destaque para as                          pol\u00edticas p\u00fablicas de restri\u00e7\u00e3o ao uso de madeiras n\u00e3o                          certificadas provenientes da regi\u00e3o amaz\u00f4nica. Este novo                          parque ratifica esta pol\u00edtica e est\u00e1 sendo estruturado                          nos moldes do bioma amaz\u00f4nico.<\/p>\n<p><strong>Primeira                          fase<a title=\"O governador e o prefeito plantam muda de jacarand\u00e1 durante a entrega do Parque Leopoldina-Villas B\u00f4as. Foto: Ricardo Fonseca\/Secom\" rel=\"lightbox-1\" href=\"https:\/\/vilamascote.com.br\/wp-content\/uploads\/2010\/01\/2010_01_07_parque_leopoldina_1.jpg\"><img loading=\"lazy\" decoding=\"async\" class=\"alignright size-medium wp-image-4792\" style=\"border: 1px solid black; margin: 5px 10px;\" title=\"2010_01_07_parque_leopoldina_1\" src=\"https:\/\/vilamascote.com.br\/wp-content\/uploads\/2010\/01\/2010_01_07_parque_leopoldina_1-300x200.jpg\" alt=\"\" width=\"300\" height=\"200\" srcset=\"https:\/\/vilamascote.com.br\/wp-content\/uploads\/2010\/01\/2010_01_07_parque_leopoldina_1-300x200.jpg 300w, https:\/\/vilamascote.com.br\/wp-content\/uploads\/2010\/01\/2010_01_07_parque_leopoldina_1.jpg 900w\" sizes=\"auto, (max-width: 300px) 100vw, 300px\" \/><\/a><br \/>\n<\/strong><br \/>\nNesta primeira fase ser\u00e3o entregues                          \u00e0 popula\u00e7\u00e3o dois campos de futebol, uma quadra de                          futebol society (que recebeu tratamento paisag\u00edstico em                          volta), uma quadra poliesportiva, duas quadras e um                          pared\u00e3o de t\u00eanis, al\u00e9m de uma pista de cooper &#8211; ladeada                          com tratamento de jardinagem em toda sua extens\u00e3o -, a                          reforma do restaurante e lanchonete existentes,                          brinquedos infantis e equipamentos de gin\u00e1stica para a                          terceira idade.<\/p>\n<p>A pr\u00f3xima                          etapa prev\u00ea a amplia\u00e7\u00e3o do paisagismo do local com o                          plantio de esp\u00e9cies amaz\u00f4nicas e a cria\u00e7\u00e3o de um jardim                          sensitivo com plantas arom\u00e1ticas e comest\u00edveis. Esta                          nova \u00e1rea verde ser\u00e1 instalada junto ao espa\u00e7o de lazer                          da terceira idade, al\u00e9m disso, ser\u00e1 instalada uma pista                          de bicicleta em toda a extens\u00e3o do parque.\u00a0 Na                          \u00faltima etapa ser\u00e1 implantado um parque radical com a                          instala\u00e7\u00e3o de equipamentos para escalada de skate e uma                          pista de patins. Tamb\u00e9m ser\u00e3o entregues mais 11 quadras                          poliesportivas.<\/p>\n<p><strong>Arquitetura<\/strong><\/p>\n<p>Na                          parte de arquitetura, o parque vai receber um grande                          pergolado que ir\u00e1 atravessar toda a \u00e1rea, criando eixos                          de circula\u00e7\u00e3o que possam servir de orienta\u00e7\u00e3o aos                          usu\u00e1rios. Essa estrutura, al\u00e9m de facilitar o                          deslocamento, tamb\u00e9m dever\u00e1 permitir que plantas                          trepadeiras a utilizem como suporte para                          desenvolvimento. Dos eixos deste pergolado, os demais                          caminhos interligar\u00e3o os ambientes do parque.<\/p>\n<p>O projeto                          foi concebido pela Coordenadoria de \u00c1reas Verdes da                          Secretaria de Coordena\u00e7\u00e3o das Subprefeituras, juntamente                          com o escrit\u00f3rio de arquitetura Ruy Ohtake, e contou com                          o apoio da Secretaria Municipal do Verde e do Meio                          Ambiente.<\/p>\n<p><strong>Hist\u00f3ric<\/strong><strong>o<\/strong><\/p>\n<p>O parque                          est\u00e1 sendo implantado em duas \u00e1reas cont\u00edguas. A                          primeira, de 55 mil m\u00b2, da Prefeitura                          abrigava a antiga Usina de Compostagem da Vila                          Leopoldina, cuja atividade, durante 30 anos, era a                          transforma\u00e7\u00e3o do lixo org\u00e2nico em adubo, al\u00e9m da                          separa\u00e7\u00e3o de materiais inorg\u00e2nicos (pl\u00e1sticos, latas,                          entre outros). A usina foi desativada atendendo a                          demanda da popula\u00e7\u00e3o moradora do entorno.<\/p>\n<p>A segunda                          \u00e1rea, 205 mil m\u00b2,                          pertence \u00e0 Companhia de Saneamento B\u00e1sico do Estado de                          S\u00e3o Paulo (Sabesp), e foi desapropriada para dar lugar                          ao projeto. Quase todos os edif\u00edcios existentes dever\u00e3o                          ser demolidos, o que vai possibilitar a amplia\u00e7\u00e3o da                          \u00e1rea perme\u00e1vel da regi\u00e3o. Ser\u00e3o preservados os pr\u00e9dios                          que abrigar\u00e3o as \u00e1reas administrativas, as equipes de                          apoio da Guarda Civil Metropolitana (GCM), do Corpo dos                          Bombeiros e o ambulat\u00f3rio. Um local especial ser\u00e1                          reservado para a cria\u00e7\u00e3o de um museu que abrigar\u00e1 o rico                          acervo de Orlando Villas-B\u00f4as. O projeto ficar\u00e1 a cargo                          da Secretaria Municipal de Cultura.<br \/>\n<object classid=\"clsid:d27cdb6e-ae6d-11cf-96b8-444553540000\" width=\"425\" height=\"344\" codebase=\"http:\/\/download.macromedia.com\/pub\/shockwave\/cabs\/flash\/swflash.cab#version=6,0,40,0\"><param name=\"allowFullScreen\" value=\"true\" \/><param name=\"allowscriptaccess\" value=\"always\" \/><param name=\"src\" value=\"http:\/\/www.youtube.com\/v\/iQEmd3O3i94&amp;hl=pt&amp;fs=1\" \/><param name=\"allowfullscreen\" value=\"true\" \/><embed type=\"application\/x-shockwave-flash\" width=\"425\" height=\"344\" src=\"http:\/\/www.youtube.com\/v\/iQEmd3O3i94&amp;hl=pt&amp;fs=1\" allowscriptaccess=\"always\" allowfullscreen=\"true\"><\/embed><\/object><\/p>\n","protected":false},"excerpt":{"rendered":"<p>A cidade de S\u00e3o Paulo ganhou mais uma \u00e1rea verde. Nesta quinta-feira (7), o prefeito Gilberto Kassab e o governador Jos\u00e9 Serra entregaram a primeira etapa do Parque Leopoldina-Villas B\u00f4as, na Zona Oeste. Resultado de uma parceria entre a Prefeitura e o Governo do Estado, o parque Leopoldina-Villas B\u00f4as est\u00e1 localizado na avenida Embaixador Macedo &hellip;<\/p>\n","protected":false},"author":1,"featured_media":0,"comment_status":"open","ping_status":"open","sticky":false,"template":"","format":"standard","meta":{"footnotes":""},"categories":[20],"tags":[],"class_list":["post-4791","post","type-post","status-publish","format-standard","","category-prefeitura"],"_links":{"self":[{"href":"https:\/\/vilamascote.com.br\/index.php\/wp-json\/wp\/v2\/posts\/4791","targetHints":{"allow":["GET"]}}],"collection":[{"href":"https:\/\/vilamascote.com.br\/index.php\/wp-json\/wp\/v2\/posts"}],"about":[{"href":"https:\/\/vilamascote.com.br\/index.php\/wp-json\/wp\/v2\/types\/post"}],"author":[{"embeddable":true,"href":"https:\/\/vilamascote.com.br\/index.php\/wp-json\/wp\/v2\/users\/1"}],"replies":[{"embeddable":true,"href":"https:\/\/vilamascote.com.br\/index.php\/wp-json\/wp\/v2\/comments?post=4791"}],"version-history":[{"count":2,"href":"https:\/\/vilamascote.com.br\/index.php\/wp-json\/wp\/v2\/posts\/4791\/revisions"}],"predecessor-version":[{"id":4796,"href":"https:\/\/vilamascote.com.br\/index.php\/wp-json\/wp\/v2\/posts\/4791\/revisions\/4796"}],"wp:attachment":[{"href":"https:\/\/vilamascote.com.br\/index.php\/wp-json\/wp\/v2\/media?parent=4791"}],"wp:term":[{"taxonomy":"category","embeddable":true,"href":"https:\/\/vilamascote.com.br\/index.php\/wp-json\/wp\/v2\/categories?post=4791"},{"taxonomy":"post_tag","embeddable":true,"href":"https:\/\/vilamascote.com.br\/index.php\/wp-json\/wp\/v2\/tags?post=4791"}],"curies":[{"name":"wp","href":"https:\/\/api.w.org\/{rel}","templated":true}]}}