{"id":4658,"date":"2009-12-08T12:06:44","date_gmt":"2009-12-08T15:06:44","guid":{"rendered":"http:\/\/vilamascote.com.br\/?p=4658"},"modified":"2009-12-08T12:18:18","modified_gmt":"2009-12-08T15:18:18","slug":"centro-de-praticas-esportivas-da-usp-abre-inscricoes-para-cursos-de-2010","status":"publish","type":"post","link":"https:\/\/vilamascote.com.br\/index.php\/noticias\/4658\/centro-de-praticas-esportivas-da-usp-abre-inscricoes-para-cursos-de-2010","title":{"rendered":"Centro de Pr\u00e1ticas Esportivas da USP abre inscri\u00e7\u00f5es para cursos de 2010"},"content":{"rendered":"<p><a rel=\"lightbox-1\" href=\"https:\/\/vilamascote.com.br\/wp-content\/uploads\/2009\/12\/cepeusp3.jpg\"><img loading=\"lazy\" decoding=\"async\" class=\"alignleft size-medium wp-image-4667\" style=\"border: 1px solid black; margin: 5px 10px;\" title=\"cepeusp3\" src=\"https:\/\/vilamascote.com.br\/wp-content\/uploads\/2009\/12\/cepeusp3-300x213.jpg\" alt=\"cepeusp3\" width=\"300\" height=\"213\" srcset=\"https:\/\/vilamascote.com.br\/wp-content\/uploads\/2009\/12\/cepeusp3-300x213.jpg 300w, https:\/\/vilamascote.com.br\/wp-content\/uploads\/2009\/12\/cepeusp3.jpg 601w\" sizes=\"auto, (max-width: 300px) 100vw, 300px\" \/><\/a>O Centro de Pr\u00e1ticas Esportivas da Universidade de S\u00e3o Paulo (Cepeusp) abre inscri\u00e7\u00f5es para os cursos do primeiro semestre de 2010. Para os programas infanto-juvenil e para adultos, os interessados que fazem parte da comunidade USP devem se inscrever nesta segunda e ter\u00e7a-feiras, 7 e 8. Pessoas que n\u00e3o fazem parte da USP tamb\u00e9m podem participar das aulas. Nesse caso, as inscri\u00e7\u00f5es ser\u00e3o feitas na quarta e quinta-feiras, 9 e 10.<\/p>\n<p>Para o p\u00fablico infanto-juvenil h\u00e1 cursos de gin\u00e1stica ol\u00edmpica, nata\u00e7\u00e3o, remo e carat\u00ea. J\u00e1 para o p\u00fablico adulto, existem vagas para cursos de t\u00eanis, ioga, pilates, gin\u00e1stica e badminton, entre outros. As <a rel=\"lightbox-1\" href=\"https:\/\/vilamascote.com.br\/wp-content\/uploads\/2009\/12\/cepeusp2.jpg\"><img loading=\"lazy\" decoding=\"async\" class=\"alignright size-medium wp-image-4666\" style=\"border: 1px solid black; margin: 5px 10px;\" title=\"cepeusp2\" src=\"https:\/\/vilamascote.com.br\/wp-content\/uploads\/2009\/12\/cepeusp2-300x200.jpg\" alt=\"cepeusp2\" width=\"300\" height=\"200\" srcset=\"https:\/\/vilamascote.com.br\/wp-content\/uploads\/2009\/12\/cepeusp2-300x200.jpg 300w, https:\/\/vilamascote.com.br\/wp-content\/uploads\/2009\/12\/cepeusp2.jpg 600w\" sizes=\"auto, (max-width: 300px) 100vw, 300px\" \/><\/a>taxas e os documentos necess\u00e1rios variam de acordo com a comunidade a que se destina.<\/p>\n<p>Os interessados em participar do programa da terceira idade, devem se dirigir at\u00e9 a sala 8 &#8211; Vel\u00f3dromo do Cepeusp, pois as datas de inscri\u00e7\u00e3o s\u00e3o diferentes para cada modalidade. Informa\u00e7\u00f5es para o programa de atividades f\u00edsicas adaptadas (pessoas com necessidades espec\u00edficas) podem ser obtidas no mesmo local. As aulas ter\u00e3o in\u00edcio em 22 de fevereiro.<\/p>\n<h2><strong>Servi\u00e7o<\/strong><a rel=\"lightbox-1\" href=\"https:\/\/vilamascote.com.br\/wp-content\/uploads\/2009\/12\/cepeusp.jpg\"><img loading=\"lazy\" decoding=\"async\" class=\"size-medium wp-image-4665 alignright\" style=\"border: 1px solid black; margin: 5px 10px;\" title=\"cepeusp\" src=\"https:\/\/vilamascote.com.br\/wp-content\/uploads\/2009\/12\/cepeusp-300x225.jpg\" alt=\"cepeusp\" width=\"300\" height=\"225\" srcset=\"https:\/\/vilamascote.com.br\/wp-content\/uploads\/2009\/12\/cepeusp-300x225.jpg 300w, https:\/\/vilamascote.com.br\/wp-content\/uploads\/2009\/12\/cepeusp.jpg 600w\" sizes=\"auto, (max-width: 300px) 100vw, 300px\" \/><\/a><\/h2>\n<p><strong> <\/strong>Local: Cepeusp &#8211; Vel\u00f3dromo (sala 8)<br \/>\nPra\u00e7a 2, Professor Rubi\u00e3o Meira, 61 &#8211; Cidade Universit\u00e1ria &#8211; S\u00e3o Paulo<br \/>\nInscri\u00e7\u00f5es: 7 e 8 (comunidade USP), 9 e 10 (comunidade externa), das 8h30 \u00e0s 16h30<br \/>\nPara obter mais informa\u00e7\u00f5es, ligue para (11) 3091-3361 ou acesse o site <a href=\"http:\/\/www.cepe.usp.br\/\">www.cepe.usp.br<\/a><\/p>\n[mappress]\n","protected":false},"excerpt":{"rendered":"<p>O Centro de Pr\u00e1ticas Esportivas da Universidade de S\u00e3o Paulo (Cepeusp) abre inscri\u00e7\u00f5es para os cursos do primeiro semestre de 2010. Para os programas infanto-juvenil e para adultos, os interessados que fazem parte da comunidade USP devem se inscrever nesta segunda e ter\u00e7a-feiras, 7 e 8. Pessoas que n\u00e3o fazem parte da USP tamb\u00e9m podem &hellip;<\/p>\n","protected":false},"author":1,"featured_media":0,"comment_status":"open","ping_status":"open","sticky":false,"template":"","format":"standard","meta":{"footnotes":""},"categories":[50,1],"tags":[],"class_list":["post-4658","post","type-post","status-publish","format-standard","","category-governo","category-noticias"],"_links":{"self":[{"href":"https:\/\/vilamascote.com.br\/index.php\/wp-json\/wp\/v2\/posts\/4658","targetHints":{"allow":["GET"]}}],"collection":[{"href":"https:\/\/vilamascote.com.br\/index.php\/wp-json\/wp\/v2\/posts"}],"about":[{"href":"https:\/\/vilamascote.com.br\/index.php\/wp-json\/wp\/v2\/types\/post"}],"author":[{"embeddable":true,"href":"https:\/\/vilamascote.com.br\/index.php\/wp-json\/wp\/v2\/users\/1"}],"replies":[{"embeddable":true,"href":"https:\/\/vilamascote.com.br\/index.php\/wp-json\/wp\/v2\/comments?post=4658"}],"version-history":[{"count":14,"href":"https:\/\/vilamascote.com.br\/index.php\/wp-json\/wp\/v2\/posts\/4658\/revisions"}],"predecessor-version":[{"id":4675,"href":"https:\/\/vilamascote.com.br\/index.php\/wp-json\/wp\/v2\/posts\/4658\/revisions\/4675"}],"wp:attachment":[{"href":"https:\/\/vilamascote.com.br\/index.php\/wp-json\/wp\/v2\/media?parent=4658"}],"wp:term":[{"taxonomy":"category","embeddable":true,"href":"https:\/\/vilamascote.com.br\/index.php\/wp-json\/wp\/v2\/categories?post=4658"},{"taxonomy":"post_tag","embeddable":true,"href":"https:\/\/vilamascote.com.br\/index.php\/wp-json\/wp\/v2\/tags?post=4658"}],"curies":[{"name":"wp","href":"https:\/\/api.w.org\/{rel}","templated":true}]}}