{"id":4110,"date":"2009-11-14T08:22:38","date_gmt":"2009-11-14T11:22:38","guid":{"rendered":"http:\/\/vilamascote.com.br\/?p=4110"},"modified":"2009-11-14T08:28:24","modified_gmt":"2009-11-14T11:28:24","slug":"itaim-bibi-ganha-ligacao-alternativa-para-aliviar-transito","status":"publish","type":"post","link":"https:\/\/vilamascote.com.br\/index.php\/noticias\/prefeitura\/4110\/itaim-bibi-ganha-ligacao-alternativa-para-aliviar-transito","title":{"rendered":"Itaim Bibi Ganha Liga\u00e7\u00e3o Alternativa para Aliviar Tr\u00e2nsito"},"content":{"rendered":"<p><a title=\"Via tem 600m e liga ruas Funchal e Gomes de Carvalho \u00e0 avenida Faria Lima. Foto: Jo\u00e3o Luiz G. Silva\/Secom\" rel=\"lightbox-1\" href=\"https:\/\/vilamascote.com.br\/wp-content\/uploads\/2009\/11\/2009_11_13-rua_olimpiadas_03.JPG\"><img loading=\"lazy\" decoding=\"async\" class=\"alignleft size-medium wp-image-4112\" style=\"border: 1px solid black; margin: 5px 10px;\" title=\"2009_11_13-rua_olimpiadas_03\" src=\"https:\/\/vilamascote.com.br\/wp-content\/uploads\/2009\/11\/2009_11_13-rua_olimpiadas_03-300x199.jpg\" alt=\"2009_11_13-rua_olimpiadas_03\" width=\"300\" height=\"199\" srcset=\"https:\/\/vilamascote.com.br\/wp-content\/uploads\/2009\/11\/2009_11_13-rua_olimpiadas_03-300x199.jpg 300w, https:\/\/vilamascote.com.br\/wp-content\/uploads\/2009\/11\/2009_11_13-rua_olimpiadas_03.JPG 800w\" sizes=\"auto, (max-width: 300px) 100vw, 300px\" \/><\/a>A regi\u00e3o da                          Vila Ol\u00edmpia ganhou uma nova op\u00e7\u00e3o ao tr\u00e1fego nesta                          sexta-feira (13), com a abertura \u00e0 circula\u00e7\u00e3o do                          prolongamento da rua Olimp\u00edadas, na Zona Sul da capital.                          A via passa a interligar as ruas Funchal e Gomes de                          Carvalho \u00e0 avenida Faria Lima, aliviando o tr\u00e2nsito na                          regi\u00e3o do Itaim Bibi. S\u00e3o esperados cerca de 3 mil                          ve\u00edculos por hora no hor\u00e1rio de pico circulando na nova                          via.<\/p>\n<p>&#8220;Depois de                          muitos anos, esta importante obra est\u00e1 conclu\u00edda. Ela                          integrar\u00e1 melhor a regi\u00e3o, dando aos que aqui vivem ou                          trabalham maior comodidade e rapidez em sua circula\u00e7\u00e3o&#8221;,                          afirmou Kassab.<\/p>\n<p>O novo                          trecho, de 600 metros, tem m\u00e3o \u00fanica e tr\u00eas faixas de                          rolamento. A abertura do prolongamento da rua Olimp\u00edadas                          corresponde \u00e0 segunda fase das obras na regi\u00e3o. A                          primeira, entregue em mar\u00e7o deste ano, compreendeu a                          duplica\u00e7\u00e3o da rua Gomes de Carvalho e da pr\u00f3pria rua                          Olimp\u00edadas.<\/p>\n<p>&#8220;\u00c9                          uma obra feita em um local da Cidade que estava                          absolutamente restrito por essa falta de liga\u00e7\u00f5es entre                          as avenidas. Essas pequenas <a title=\"Secret\u00e1rio Marcelo Branco apresenta a Kassab projeto da obra. Foto: Jo\u00e3o Luiz G. Silva\/Secom\" rel=\"lightbox-1\" href=\"https:\/\/vilamascote.com.br\/wp-content\/uploads\/2009\/11\/2009_11_13-rua_olimpiadas_01.JPG\"><img loading=\"lazy\" decoding=\"async\" class=\"alignright size-medium wp-image-4111\" style=\"border: 1px solid black; margin: 5px 10px;\" title=\"2009_11_13-rua_olimpiadas_01\" src=\"https:\/\/vilamascote.com.br\/wp-content\/uploads\/2009\/11\/2009_11_13-rua_olimpiadas_01-300x199.jpg\" alt=\"2009_11_13-rua_olimpiadas_01\" width=\"300\" height=\"199\" srcset=\"https:\/\/vilamascote.com.br\/wp-content\/uploads\/2009\/11\/2009_11_13-rua_olimpiadas_01-300x199.jpg 300w, https:\/\/vilamascote.com.br\/wp-content\/uploads\/2009\/11\/2009_11_13-rua_olimpiadas_01.JPG 800w\" sizes=\"auto, (max-width: 300px) 100vw, 300px\" \/><\/a>interven\u00e7\u00f5es permitem uma                          oxigena\u00e7\u00e3o do bairro&#8221;, explicou o secret\u00e1rio de                          Infra-estrutura Urbana e Obras, Marcelo                          Branco.<\/p>\n<p>As                          interven\u00e7\u00f5es no vi\u00e1rio, que incluem reforma de cal\u00e7adas,                          guias, sarjetas, ilumina\u00e7\u00e3o e sinaliza\u00e7\u00e3o, integram a                          Opera\u00e7\u00e3o Urbana Faria Lima. Ruas dos arredores, como a                          Casa do Ator, Cardoso de Melo, Alvorada e Fiandeiras                          tamb\u00e9m foram reformadas. O paisagismo tamb\u00e9m ganhou                          cuidado, com a cria\u00e7\u00e3o de pra\u00e7as e o enterramento da                          fia\u00e7\u00e3o el\u00e9trica.<\/p>\n<p>&#8220;\u00c9                          preciso dar maior fluidez ao tr\u00e2nsito. A regi\u00e3o aqui \u00e9                          bastante carregada, em virtude de ter ruas estreitas.                          Al\u00e9m disso, nos \u00faltimos tempos grandes empreendimentos                          se estabeleceram aqui. Por isso \u00e9 importante essa                          readequa\u00e7\u00e3o&#8221;, afirmou o secret\u00e1rio de Transportes,                          Alexandre de Moraes.<br \/>\n<object classid=\"clsid:d27cdb6e-ae6d-11cf-96b8-444553540000\" width=\"425\" height=\"344\" codebase=\"http:\/\/download.macromedia.com\/pub\/shockwave\/cabs\/flash\/swflash.cab#version=6,0,40,0\"><param name=\"allowFullScreen\" value=\"true\" \/><param name=\"allowscriptaccess\" value=\"always\" \/><param name=\"src\" value=\"http:\/\/www.youtube.com\/v\/yT8143b-6UQ&amp;hl=pt&amp;fs=1\" \/><param name=\"allowfullscreen\" value=\"true\" \/><embed type=\"application\/x-shockwave-flash\" width=\"425\" height=\"344\" src=\"http:\/\/www.youtube.com\/v\/yT8143b-6UQ&amp;hl=pt&amp;fs=1\" allowscriptaccess=\"always\" allowfullscreen=\"true\"><\/embed><\/object><\/p>\n","protected":false},"excerpt":{"rendered":"<p>A regi\u00e3o da Vila Ol\u00edmpia ganhou uma nova op\u00e7\u00e3o ao tr\u00e1fego nesta sexta-feira (13), com a abertura \u00e0 circula\u00e7\u00e3o do prolongamento da rua Olimp\u00edadas, na Zona Sul da capital. A via passa a interligar as ruas Funchal e Gomes de Carvalho \u00e0 avenida Faria Lima, aliviando o tr\u00e2nsito na regi\u00e3o do Itaim Bibi. S\u00e3o esperados &hellip;<\/p>\n","protected":false},"author":1,"featured_media":0,"comment_status":"open","ping_status":"open","sticky":false,"template":"","format":"standard","meta":{"footnotes":""},"categories":[20],"tags":[],"class_list":["post-4110","post","type-post","status-publish","format-standard","","category-prefeitura"],"_links":{"self":[{"href":"https:\/\/vilamascote.com.br\/index.php\/wp-json\/wp\/v2\/posts\/4110","targetHints":{"allow":["GET"]}}],"collection":[{"href":"https:\/\/vilamascote.com.br\/index.php\/wp-json\/wp\/v2\/posts"}],"about":[{"href":"https:\/\/vilamascote.com.br\/index.php\/wp-json\/wp\/v2\/types\/post"}],"author":[{"embeddable":true,"href":"https:\/\/vilamascote.com.br\/index.php\/wp-json\/wp\/v2\/users\/1"}],"replies":[{"embeddable":true,"href":"https:\/\/vilamascote.com.br\/index.php\/wp-json\/wp\/v2\/comments?post=4110"}],"version-history":[{"count":5,"href":"https:\/\/vilamascote.com.br\/index.php\/wp-json\/wp\/v2\/posts\/4110\/revisions"}],"predecessor-version":[{"id":4115,"href":"https:\/\/vilamascote.com.br\/index.php\/wp-json\/wp\/v2\/posts\/4110\/revisions\/4115"}],"wp:attachment":[{"href":"https:\/\/vilamascote.com.br\/index.php\/wp-json\/wp\/v2\/media?parent=4110"}],"wp:term":[{"taxonomy":"category","embeddable":true,"href":"https:\/\/vilamascote.com.br\/index.php\/wp-json\/wp\/v2\/categories?post=4110"},{"taxonomy":"post_tag","embeddable":true,"href":"https:\/\/vilamascote.com.br\/index.php\/wp-json\/wp\/v2\/tags?post=4110"}],"curies":[{"name":"wp","href":"https:\/\/api.w.org\/{rel}","templated":true}]}}