{"id":3883,"date":"2008-12-18T00:00:00","date_gmt":"2008-12-18T00:00:00","guid":{"rendered":"http:\/\/www.vibra-stop.com.br\/vm\/?p=3883"},"modified":"2008-12-18T00:00:00","modified_gmt":"2008-12-18T00:00:00","slug":"reveillon-levara-2mi-para-a-avenida-paulista","status":"publish","type":"post","link":"https:\/\/vilamascote.com.br\/index.php\/noticias\/prefeitura\/3883\/reveillon-levara-2mi-para-a-avenida-paulista","title":{"rendered":"R\u00e9veillon levar\u00e1 2Mi para a avenida Paulista"},"content":{"rendered":"<p>O prefeito Gilberto Kassab participou nesta quarta-feira (17) de coletiva de imprensa sobre a 12\u00aa edi\u00e7\u00e3o do R\u00e9veillon na Paulista. A festa, que dever\u00e1 atrair dois milh\u00f5es de pessoas, \u00e9 uma das dez maiores celebra\u00e7\u00f5es do g\u00eanero no mundo. Sob o tema &#8220;S\u00e3o Paulo e o mundo se encontram aqui&#8221;, tel\u00f5es exibir\u00e3o este ano imagens que mostram a diversidade \u00e9tnica e cultural da Cidade, al\u00e9m de mensagens positivas para 2009.<\/p>\n<p> <object width=\"425\" height=\"344\"><param name=\"movie\" value=\"http:\/\/www.youtube.com\/v\/yVXBCyi5qlE&#038;hl=en&#038;fs=1\"><\/param><param name=\"allowFullScreen\" value=\"true\"><\/param><param name=\"allowscriptaccess\" value=\"always\"><\/param><embed src=\"http:\/\/www.youtube.com\/v\/yVXBCyi5qlE&#038;hl=en&#038;fs=1\" type=\"application\/x-shockwave-flash\" allowscriptaccess=\"always\" allowfullscreen=\"true\" width=\"425\" height=\"344\"><\/embed><\/object><\/p>\n<p> &#8220;Gostaria de registrar a alegria de realizarmos nosso quarto R\u00e9veillon, o mais grandioso de nossa gest\u00e3o. Nossa expectativa em rela\u00e7\u00e3o ao comparecimento da popula\u00e7\u00e3o \u00e9 grande. Que  possamos estar todos juntos com a contagem regressiva na Paulista, festejarmos os bons resultados do ano que se encerra e confraternizarmos a constru\u00e7\u00e3o de um ano novo cheio de realiza\u00e7\u00f5es&#8221;, afirmou Kassab, que agradeceu aos parceiros da Prefeitura no evento. A festa \u00e9 organizada com a Playcorp, idealizadora e produtora, e tem como patrocinadores Magazine Luiza e Banco Ita\u00fa e co-patrocinadoras Ambev e Vivo.<\/p>\n<p> O R\u00e9veillon na Paulista 2009 contar\u00e1 com grandes shows &#8211; est\u00e3o confirmados o cantor sertanejo Daniel, o ax\u00e9 do Babado Novo e o pop rock do Skank &#8211; no palco de 800 metros quadrados instalado entre as ruas Ministro Rocha Azevedo e Frei Caneca. O som, com pot\u00eancia de 500 mil watts, reproduzir\u00e1 o \u00e1udio ao longo da Paulista.<\/p>\n<p> Uma ilumina\u00e7\u00e3o especial tamb\u00e9m contagiar\u00e1 a comemora\u00e7\u00e3o. As luzes consumir\u00e3o mais de um milh\u00e3o de watts, por meio de equipamentos de \u00faltima gera\u00e7\u00e3o, que somados aos demais efeitos ser\u00e3o suportados por cerca de 23 geradores com capacidade superior a quatro milh\u00f5es de watts.<\/p>\n<p> A festa ter\u00e1 in\u00edcio \u00e0s 20h de 31 de dezembro e se estender\u00e1 at\u00e9 as 2h30 do dia 1\u00aa de janeiro. Ap\u00f3s a meia-noite, haver\u00e1 15 minutos de espet\u00e1culo pirot\u00e9cnico, produzido por 100 mil tiros e mais de seis mil bombas multicoloridas, acompanhado por uma chuva de cinco milh\u00f5es de confetes metalizados e uma revoada de bal\u00f5es coloridos.<\/p>\n<p> Dos dois milh\u00f5es de visitantes previstos, aproximadamente 100 mil s\u00e3o estrangeiros e brasileiros residentes fora da cidade, segundo estimativa da SPTuris. O presidente da empresa, Caio Carvalho, n\u00e3o prev\u00ea redu\u00e7\u00e3o no p\u00fablico total do evento por causa da crise financeira. &#8220;Acontecer\u00e1 o inverso: quem viajaria agora ficar\u00e1 na Cidade e vir\u00e1 para as festas&#8221;, acrescentou o presidente da SPTuris.<\/p>\n<p> Mais de 3.500 pessoas na montagem e realiza\u00e7\u00e3o do evento<\/p>\n<p> A seguran\u00e7a do p\u00fablico ser\u00e1 garantida por cerca de 2,5 mil homens &#8211; n\u00famero 60% superior ao de 2008 -, entre seguran\u00e7as particulares, efetivos da Pol\u00edcia Militar, Guarda Civil Metropolitana e CET, que contar\u00e3o com o apoio de viaturas, motos, helic\u00f3ptero, Bases Comunit\u00e1rias e um sistema de c\u00e2meras colocadas em pontos estrat\u00e9gicos da avenida.<\/p>\n<p> Ser\u00e3o instalados dez ambulat\u00f3rios com m\u00e9dicos e enfermeiros de plant\u00e3o em v\u00e1rios pontos da Paulista e haver\u00e1 ambul\u00e2ncias e UTIs m\u00f3veis que cuidar\u00e3o da remo\u00e7\u00e3o de pacientes que eventualmente precisem de cuidados especiais.<\/p>\n<p> Os trens do  Metr\u00f4 circular\u00e3o ininterruptamente nas linhas 1-Azul, 2-Verde e 3-Vermelha durante a madrugada do dia 1\u00ba. Ap\u00f3s as 2h, as esta\u00e7\u00f5es Para\u00edso, Brigadeiro, Consola\u00e7\u00e3o e Cl\u00ednicas permanecer\u00e3o abertas apenas para embarque. A esta\u00e7\u00e3o Trianon ser\u00e1 fechada \u00e0s 19h do dia 31 e reaberta \u00e0s 4h40 do dia 1\u00ba. A avenida Paulista ser\u00e1 interditada para o tr\u00e1fego de ve\u00edculos a partir do meio-dia do dia 31 e liberada novamente para os ve\u00edculos a partir das 5h de 1\u00ba de janeiro. Uma equipe de 200 pessoas cuidar\u00e1 da limpeza para deixar a avenida em ordem.<\/p>\n<p>Fonte: <a href=# target=_blank>Prefeitura da Cidade de S\u00e3o Paulo<\/a><\/p>\n","protected":false},"excerpt":{"rendered":"<p>O prefeito Gilberto Kassab participou nesta quarta-feira (17) de coletiva de imprensa sobre a 12\u00aa edi\u00e7\u00e3o do R\u00e9veillon na Paulista. A festa, que dever\u00e1 atrair dois milh\u00f5es de pessoas, \u00e9 uma das dez maiores celebra\u00e7\u00f5es do g\u00eanero no mundo. Sob o tema &#8220;S\u00e3o Paulo e o mundo se encontram aqui&#8221;, tel\u00f5es exibir\u00e3o este ano imagens &hellip;<\/p>\n","protected":false},"author":1,"featured_media":0,"comment_status":"open","ping_status":"open","sticky":false,"template":"","format":"standard","meta":{"footnotes":""},"categories":[20],"tags":[],"class_list":["post-3883","post","type-post","status-publish","format-standard","","category-prefeitura"],"_links":{"self":[{"href":"https:\/\/vilamascote.com.br\/index.php\/wp-json\/wp\/v2\/posts\/3883","targetHints":{"allow":["GET"]}}],"collection":[{"href":"https:\/\/vilamascote.com.br\/index.php\/wp-json\/wp\/v2\/posts"}],"about":[{"href":"https:\/\/vilamascote.com.br\/index.php\/wp-json\/wp\/v2\/types\/post"}],"author":[{"embeddable":true,"href":"https:\/\/vilamascote.com.br\/index.php\/wp-json\/wp\/v2\/users\/1"}],"replies":[{"embeddable":true,"href":"https:\/\/vilamascote.com.br\/index.php\/wp-json\/wp\/v2\/comments?post=3883"}],"version-history":[{"count":0,"href":"https:\/\/vilamascote.com.br\/index.php\/wp-json\/wp\/v2\/posts\/3883\/revisions"}],"wp:attachment":[{"href":"https:\/\/vilamascote.com.br\/index.php\/wp-json\/wp\/v2\/media?parent=3883"}],"wp:term":[{"taxonomy":"category","embeddable":true,"href":"https:\/\/vilamascote.com.br\/index.php\/wp-json\/wp\/v2\/categories?post=3883"},{"taxonomy":"post_tag","embeddable":true,"href":"https:\/\/vilamascote.com.br\/index.php\/wp-json\/wp\/v2\/tags?post=3883"}],"curies":[{"name":"wp","href":"https:\/\/api.w.org\/{rel}","templated":true}]}}