{"id":3880,"date":"2008-12-08T00:00:00","date_gmt":"2008-12-08T00:00:00","guid":{"rendered":"http:\/\/www.vibra-stop.com.br\/vm\/?p=3880"},"modified":"2008-12-08T00:00:00","modified_gmt":"2008-12-08T00:00:00","slug":"arvore-de-natal-na-ponte-estaiada","status":"publish","type":"post","link":"https:\/\/vilamascote.com.br\/index.php\/noticias\/prefeitura\/3880\/arvore-de-natal-na-ponte-estaiada","title":{"rendered":"\u00c1rvore de Natal na Ponte Estaiada"},"content":{"rendered":"<p>A SulAm\u00e9rica Seguros e Previd\u00eancia transformar\u00e1 a ponte Estaiada Octavio Frias de Oliveira, na zona sul da capital, no novo s\u00edmbolo do Natal paulistano. A seguradora presenteia a cidade com uma imensa \u00c1rvore com 100 metros de altura, que ser\u00e1 formada por mais de 80 estrelas presas nos estais da ponte. Cada estrela tem quatro metros e brilhar\u00e1 nas cores verde, branco e azul.<\/p>\n<p> Al\u00e9m de gigante, a \u00c1rvore de Natal da SulAm\u00e9rica tamb\u00e9m \u00e9 dan\u00e7arina e os movimentos das luzes ser\u00e3o comandados pelos pr\u00f3prios paulistanos, que poder\u00e3o escolher a programa\u00e7\u00e3o musical da R\u00e1dio SulAm\u00e9rica Tr\u00e2nsito 92,1 FM entre 11 de dezembro e 06 de janeiro. O ritmo das m\u00fasicas tocadas na R\u00e1dio determinar\u00e1 a \u201cdan\u00e7a\u201d das luzes, num show in\u00e9dito para a cidade.<\/p>\n<p> Clique no link &#8220;veja site&#8221; para escolher as m\u00fasicas.<\/p>\n<p>Fonte: <a href=http:\/\/www.sulamerica.com.br\/arvorenaponte\/ target=_blank>Prefeitura da Cidade de S\u00e3o Paulo<\/a><\/p>\n","protected":false},"excerpt":{"rendered":"<p>A SulAm\u00e9rica Seguros e Previd\u00eancia transformar\u00e1 a ponte Estaiada Octavio Frias de Oliveira, na zona sul da capital, no novo s\u00edmbolo do Natal paulistano. A seguradora presenteia a cidade com uma imensa \u00c1rvore com 100 metros de altura, que ser\u00e1 formada por mais de 80 estrelas presas nos estais da ponte. Cada estrela tem quatro &hellip;<\/p>\n","protected":false},"author":1,"featured_media":0,"comment_status":"open","ping_status":"open","sticky":false,"template":"","format":"standard","meta":{"footnotes":""},"categories":[20],"tags":[],"class_list":["post-3880","post","type-post","status-publish","format-standard","","category-prefeitura"],"_links":{"self":[{"href":"https:\/\/vilamascote.com.br\/index.php\/wp-json\/wp\/v2\/posts\/3880","targetHints":{"allow":["GET"]}}],"collection":[{"href":"https:\/\/vilamascote.com.br\/index.php\/wp-json\/wp\/v2\/posts"}],"about":[{"href":"https:\/\/vilamascote.com.br\/index.php\/wp-json\/wp\/v2\/types\/post"}],"author":[{"embeddable":true,"href":"https:\/\/vilamascote.com.br\/index.php\/wp-json\/wp\/v2\/users\/1"}],"replies":[{"embeddable":true,"href":"https:\/\/vilamascote.com.br\/index.php\/wp-json\/wp\/v2\/comments?post=3880"}],"version-history":[{"count":0,"href":"https:\/\/vilamascote.com.br\/index.php\/wp-json\/wp\/v2\/posts\/3880\/revisions"}],"wp:attachment":[{"href":"https:\/\/vilamascote.com.br\/index.php\/wp-json\/wp\/v2\/media?parent=3880"}],"wp:term":[{"taxonomy":"category","embeddable":true,"href":"https:\/\/vilamascote.com.br\/index.php\/wp-json\/wp\/v2\/categories?post=3880"},{"taxonomy":"post_tag","embeddable":true,"href":"https:\/\/vilamascote.com.br\/index.php\/wp-json\/wp\/v2\/tags?post=3880"}],"curies":[{"name":"wp","href":"https:\/\/api.w.org\/{rel}","templated":true}]}}