{"id":3847,"date":"2008-02-21T00:00:00","date_gmt":"2008-02-21T00:00:00","guid":{"rendered":"http:\/\/www.vibra-stop.com.br\/vm\/?p=3847"},"modified":"2008-02-21T00:00:00","modified_gmt":"2008-02-21T00:00:00","slug":"subprefeitura-jabaquara-presta-contas","status":"publish","type":"post","link":"https:\/\/vilamascote.com.br\/index.php\/noticias\/subprefeitura-jabaquara\/3847\/subprefeitura-jabaquara-presta-contas","title":{"rendered":"Subprefeitura Jabaquara presta contas"},"content":{"rendered":"<p>A Subprefeitura Jabaquara apresentou na manh\u00e3 de hoje &#8211; segunda-feira, 18\/02 &#8211; um balan\u00e7o das a\u00e7\u00f5es da administra\u00e7\u00e3o municipal nos \u00faltimos tr\u00eas anos na regi\u00e3o. O evento organizado no audit\u00f3rio da Associa\u00e7\u00e3o Comercial do bairro reuniu empres\u00e1rios, comerciantes, lideran\u00e7as comunit\u00e1rias do Jabaquara e contou com a presen\u00e7a do prefeito Gilberto Kassab.<\/p>\n<p> <object type=\"video\/x-ms-wmv\" data=\"https:\/\/vilamascote.com.br\/videos\/noticias\/PrestacaoDeContasSubJabaquara.wmv\" align=\"right\" height=\"307\" width=\"322\"><param name=\"src\" value=\"https:\/\/vilamascote.com.br\/videos\/noticias\/PrestacaoDeContasSubJabaquara.wmv\"><\/param><param name=\"autostart\" value=\"true\"><\/param><param name=\"controller\" value=\"true\"><\/param><\/object> Durante a apresenta\u00e7\u00e3o o subprefeito do Jabaquara Heitor Sert\u00e3o afirmou que os investimentos na \u00e1rea de educa\u00e7\u00e3o concentraram-se na reforma de 12 escolas, substitui\u00e7\u00e3o de seis salas de lata e na constru\u00e7\u00e3o do Centro de Ensino Unificado (CEU) Caminho do Mar. As obras do CEU est\u00e3o em andamento, com entrega do bloco pedag\u00f3gico prevista para maio deste ano. Tamb\u00e9m foi constru\u00eddo o Centro de Educa\u00e7\u00e3o Infantil (CEI) O Pequeno Seareiro que funcionava em outro local e duplicou sua capacidade de atendimento no novo endere\u00e7o.<\/p>\n<p> O prefeito Gilberto Kassab disse que at\u00e9 o final de 2008 a administra\u00e7\u00e3o ter\u00e1 constru\u00eddo 230 novas escolas e destacou a import\u00e2ncia da constru\u00e7\u00e3o do CEU Caminho do Mar para a regi\u00e3o do Jabaquara.<\/p>\n<p> Entre as melhorias na \u00e1rea da sa\u00fade foram apresentadas: a implanta\u00e7\u00e3o de dois PSF (Programa de Sa\u00fade da Fam\u00edlia), a reforma de quatro UBS (Unidade B\u00e1sica de Sa\u00fade) e a cria\u00e7\u00e3o de 2 AMAs (Assist\u00eancias M\u00e9dicas Ambulatoriais) e a reforma do Hospital Dr. Arthur Ribeiro de Saboya, que est\u00e1 em andamento com previs\u00e3o de entrega em 2008.<\/p>\n<p> &#8220;Uma das prioridades do Jabaquara \u00e9 a obra de prolongamento da avenida Roberto Marinho, na regi\u00e3o do c\u00f3rrego \u00c1gua Espraiada&#8221;, afirmou o subprefeito Heitor Sert\u00e3o. Segundo o prefeito Kassab, a licita\u00e7\u00e3o da obra est\u00e1 em fase final. &#8220;Depois de d\u00e9cadas, este sonho vai virar realidade&#8221;, disse o prefeito.<\/p>\n<p> Acompanharam a apresenta\u00e7\u00e3o o deputado federal Arnaldo Faria de S\u00e1 e o vereador Jos\u00e9 Rolim.<\/p>\n<p> Confira os principais dados e metas apresentados no balan\u00e7o de gest\u00e3o da Subprefeitura Jabaquara:<\/p>\n<p> Metas para 2008:<\/p>\n<p> \u00a7          Prolongamento da Avenida Roberto Marinho (trecho entre a avenida Dr. Lino de Moraes Leme e avenida Pedro Bueno) e canaliza\u00e7\u00e3o do c\u00f3rrego \u00c1gua Espraiada (trecho entre a avenida Dr. Lino de Moraes Leme e rua Monsenhor Naline). O projeto prev\u00ea a continua\u00e7\u00e3o da avenida Jornalista Roberto Marinho (antiga avenida \u00c1gua Espraiada) em dire\u00e7\u00e3o \u00e0 Rodovia dos Imigrantes para facilitar o acesso dos usu\u00e1rios \u00e0s esta\u00e7\u00f5es Jabaquara e Concei\u00e7\u00e3o do metr\u00f4 e ao Aeroporto de Congonhas. A previs\u00e3o deste trecho da obra tem in\u00edcio e in\u00edcio e t\u00e9rmino previstos para 2008 e investimento estimado em R$ 23,5 milh\u00f5es;<\/p>\n<p>     * Implanta\u00e7\u00e3o do programa A\u00e7\u00e3o Fam\u00edlia, voltado para popula\u00e7\u00e3o em alta vulnerabilidade social, em American\u00f3polis, beneficiando 1200 fam\u00edlias e na Favela do Vietn\u00e3, beneficiando outras 400 fam\u00edlias;<br \/>     * Implanta\u00e7\u00e3o do programa Virada Social, desenvolvido pelo Governo do Estado em parceria com a Prefeitura, promovendo melhorias na regi\u00e3o da \u00c1gua Espraiada e beneficiar\u00e1 cerca de 60 mil moradores;<br \/>     * Recapeamento de 105.660 m\u00b2 de vias, com prioridade para os principais corredores vi\u00e1rios da regi\u00e3o (Avenida Eng\u00ba Armando de Arruda Pereira, Avenida Santa Catarina, Rua Alba, Rua Get\u00falio Vargas Filho, Rua Coriolano Durand e Avenida Mascote, entre outras);<br \/>     * Constru\u00e7\u00e3o de 18.000 m\u00b2 de cal\u00e7adas por meio do Programa Passeio Livre;<br \/>     * Interven\u00e7\u00e3o em duas \u00e1reas de risco que exigem obras de conten\u00e7\u00e3o;<br \/>     * Revitaliza\u00e7\u00e3o das 106 \u00e1reas verdes da regi\u00e3o, que incluem 43 pra\u00e7as, por meio de execu\u00e7\u00e3o de reformas ou de parcerias e ado\u00e7\u00f5es.<\/p>\n<p> A\u00c7\u00c3O SOCIAL<\/p>\n<p> Projeto Presen\u00e7a Social nas Ruas<\/p>\n<p> Servi\u00e7o implantado em agosto\/ 2007;<\/p>\n<p> Resultados: 266 abordagens a 224 usu\u00e1rios.<\/p>\n<p> Projeto Construindo Cidadania<\/p>\n<p> Projeto da Subprefeitura Jabaquara beneficiado por conv\u00eanio com o FUMCAD (Fundo Municipal da Crian\u00e7a e do Adolescente). Assinatura do conv\u00eanio janeiro\/ 2008.<\/p>\n<p> Recursos: R$141 mil<\/p>\n<p> HABITA\u00c7\u00c3O<\/p>\n<p> Atendimentos com Verba de Apoio Habitacional: 800<\/p>\n<p> Favela da Rocinha Paulistana: 130 atendimentos &#8211; 2006;<\/p>\n<p> Favela Beira Rio: 25 atendimentos &#8211; 2006;<\/p>\n<p> Favela da Rocinha Paulistana: 600 atendimentos &#8211; 2007;<\/p>\n<p> Favela Alba: 45 atendimentos &#8211; 2007.<\/p>\n<p> ESPORTE<\/p>\n<p> Clubes da Cidade reformados: 2 &#8211; Balne\u00e1rio Jalisco &#8211; Conclu\u00eddo em outubro\/ 2007; Clube Riyuso Ogawa &#8211; Conclu\u00eddo em janeiro\/ 2007.<\/p>\n<p> Clubes da Comunidade Reformados: 2 &#8211; CDC Unidos de Vila Guarani &#8211; Conclu\u00eddo em outubro\/ 2007; CDC Ferradura &#8211; Conclu\u00edda em setembro\/ 2007.<\/p>\n<p> OBRAS &#8211; MELHORIAS NO VI\u00c1RIO<\/p>\n<p> Fresagens e recapeamentos conclu\u00eddos: 8 &#8211; \u00c1rea total: 6.160 m\u00b2: Av. Abr\u00e3o de Morais (Rodovia Imigrantes &#8211; sentido S\u00e3o Paulo-Santos); Av. Gal. Valdomiro de Lima; Av. George Corbusier; Av. Santa Catarina; Rua Dr. Luis Rocha Miranda; Rua Genaro de Carvalho; Rua Jequitib\u00e1s; Rua Eduardo de S\u00e1.<\/p>\n<p> Capeamentos conclu\u00eddos: 4 &#8211; \u00c1rea total: 2.670 m\u00b2: Rua D\u00e9bora Paschoal; Rua Frei Antonio Brand\u00e3o; Rua Ulisses Paschoal; Travessa Brito Alvarenga.<\/p>\n<p> Pavimenta\u00e7\u00f5es conclu\u00eddas: 2 &#8211; Rua Delta e Rua Alexandre Ferlendis.<\/p>\n<p> Pavimenta\u00e7\u00f5es programadas: 3 &#8211; Rua Giovanni Bologna; Travessa Particular (alt.do n\u00ba 664 da rua Jorge Rubens Neiva de Camargo); Travessa Carlos Blassis.<\/p>\n<p> IMPLANTA\u00c7\u00c3O DE AL\u00c7A DE ACESSO DA AVENIDA ABR\u00c3AO DE MORAES<\/p>\n<p> Execu\u00e7\u00e3o de obras para implanta\u00e7\u00e3o de al\u00e7a de acesso da avenida Abr\u00e3o de Moraes ao Viaduto Matheus Torloni (sentido capital\/ litoral da rodovia dos Imigrantes). Previs\u00e3o de t\u00e9rmino: 1\u00ba semestre 2008. Custo estimado: R$ 398 mil<\/p>\n<p> MANUTEN\u00c7\u00c3O E OBRAS<\/p>\n<p> Tapa-buracos: 42.070 unidades<\/p>\n<p> Guias e sarjetas: Assentamento e reconstru\u00e7\u00e3o de guias: 5.420 m; Reconstru\u00e7\u00e3o de sarjetas: 5.290 m; Reconstru\u00e7\u00e3o de sarjet\u00f5es: 1.150,00 m\u00b2.<\/p>\n<p> LIMPEZA<\/p>\n<p> Limpeza no sistema de drenagem: Bocas de Lobo: 41.130 unidades; Po\u00e7os de Visita: 3.250 unidades; Galerias e ramais de \u00e1guas pluviais: 15.850 m limpos.<\/p>\n<p> Limpeza de c\u00f3rregos: Limpeza mec\u00e2nica: 19.450 metros; Limpeza manual: 370.090 metros.<\/p>\n<p> Cata-bagulho: 44 opera\u00e7\u00f5es &#8211; Material recolhido 117.970 toneladas (2007\/ 2008)<\/p>\n<p> PASSEIO LIVRE<\/p>\n<p> Constru\u00e7\u00e3o de 10.800 m\u00b2 de cal\u00e7adas em pra\u00e7as e principais avenidas da regi\u00e3o. Custo: R$ 650 mil<\/p>\n<p> ACESSIBILIDADE<\/p>\n<p> Constru\u00e7\u00e3o de 130 rampas de acessibilidade para pessoas com mobilidade reduzida na avenida George Corbisier. Conclu\u00eddo em outubro\/2007. Custo R$ 78.989,01<\/p>\n<p> REFORMA DA BASE DA INSPETORIA REGIONAL DA GUARDA CIVIL METROPOLITANA DO JABAQUARA<\/p>\n<p> Reforma da cobertura, instala\u00e7\u00f5es el\u00e9tricas e hidr\u00e1ulicas, cozinha, refeit\u00f3rio e vesti\u00e1rios. Previs\u00e3o de t\u00e9rmino em fevereiro\/ 2008. Custo R$ 150 mil.<\/p>\n<p> \u00c1REAS DE RISCO<\/p>\n<p> Interven\u00e7\u00f5es realizadas: Conten\u00e7\u00e3o na viela da rua Antibes. Conclu\u00edda em abril\/2006; Conten\u00e7\u00e3o de c\u00f3rrego na rua Marjorie. Conclu\u00eddo em 31\/12\/06; Conten\u00e7\u00e3o de talude na rua Vale do Nogueira. Conclu\u00eddo em 31\/12\/06.<\/p>\n<p> PRA\u00c7AS E \u00c1REAS VERDES<\/p>\n<p> Pra\u00e7as revitalizadas: 12<\/p>\n<p> Pra\u00e7a Ac\u00e1cio Ramos &#8211; Conclu\u00edda em novembro\/ 2006;<\/p>\n<p> Pra\u00e7a Cidade Vargas &#8211; Conclu\u00edda em dezembro\/ 2006;<\/p>\n<p> Pra\u00e7a da Inclus\u00e3o Bar\u00e3o de Japur\u00e1 &#8211; Conclu\u00edda em abril\/ 2006;<\/p>\n<p> Pra\u00e7a D\u00e1cio Pires Correia &#8211; Conclu\u00edda em outubro\/ 2006;<\/p>\n<p> Pra\u00e7a Jos\u00e9 Luz &#8211; Conclu\u00edda em outubro\/ 2006;<\/p>\n<p> Pra\u00e7a Pe. Umberto Gambarra Galv\u00e3o &#8211; Conclu\u00edda em outubro\/ 2006;<\/p>\n<p> Pra\u00e7a Rosa do Amor &#8211;  Conclu\u00edda em novembro\/ 2006;<\/p>\n<p> Pra\u00e7a do Encontro &#8211; Conclu\u00edda em dezembro\/2007;<\/p>\n<p> Pra\u00e7a Bar\u00e3o de Japur\u00e1 &#8211; Conclu\u00edda em janeiro\/ 2008;<\/p>\n<p> Pra\u00e7a Nova Am\u00e9rica &#8211; Conclu\u00edda em janeiro\/ 2008;<\/p>\n<p> Pra\u00e7a Whitaker Penteado &#8211; Conclu\u00edda em janeiro\/ 2008;<\/p>\n<p> Pra\u00e7a Rosa do Amor &#8211;  Conclu\u00edda em janeiro\/ 2008.<\/p>\n<p> Termos de coopera\u00e7\u00e3o assinados: 10<\/p>\n<p> De novembro\/ 2007 a janeiro\/ 2008 &#8211; Programa Jabaquara Mais Verde.<\/p>\n<p>Fonte: <a href=# target=_blank>Subprefeitura Jabaquara<\/a><\/p>\n","protected":false},"excerpt":{"rendered":"<p>A Subprefeitura Jabaquara apresentou na manh\u00e3 de hoje &#8211; segunda-feira, 18\/02 &#8211; um balan\u00e7o das a\u00e7\u00f5es da administra\u00e7\u00e3o municipal nos \u00faltimos tr\u00eas anos na regi\u00e3o. O evento organizado no audit\u00f3rio da Associa\u00e7\u00e3o Comercial do bairro reuniu empres\u00e1rios, comerciantes, lideran\u00e7as comunit\u00e1rias do Jabaquara e contou com a presen\u00e7a do prefeito Gilberto Kassab. Durante a apresenta\u00e7\u00e3o o &hellip;<\/p>\n","protected":false},"author":1,"featured_media":0,"comment_status":"open","ping_status":"open","sticky":false,"template":"","format":"standard","meta":{"footnotes":""},"categories":[21],"tags":[],"class_list":["post-3847","post","type-post","status-publish","format-standard","","category-subprefeitura-jabaquara"],"_links":{"self":[{"href":"https:\/\/vilamascote.com.br\/index.php\/wp-json\/wp\/v2\/posts\/3847","targetHints":{"allow":["GET"]}}],"collection":[{"href":"https:\/\/vilamascote.com.br\/index.php\/wp-json\/wp\/v2\/posts"}],"about":[{"href":"https:\/\/vilamascote.com.br\/index.php\/wp-json\/wp\/v2\/types\/post"}],"author":[{"embeddable":true,"href":"https:\/\/vilamascote.com.br\/index.php\/wp-json\/wp\/v2\/users\/1"}],"replies":[{"embeddable":true,"href":"https:\/\/vilamascote.com.br\/index.php\/wp-json\/wp\/v2\/comments?post=3847"}],"version-history":[{"count":0,"href":"https:\/\/vilamascote.com.br\/index.php\/wp-json\/wp\/v2\/posts\/3847\/revisions"}],"wp:attachment":[{"href":"https:\/\/vilamascote.com.br\/index.php\/wp-json\/wp\/v2\/media?parent=3847"}],"wp:term":[{"taxonomy":"category","embeddable":true,"href":"https:\/\/vilamascote.com.br\/index.php\/wp-json\/wp\/v2\/categories?post=3847"},{"taxonomy":"post_tag","embeddable":true,"href":"https:\/\/vilamascote.com.br\/index.php\/wp-json\/wp\/v2\/tags?post=3847"}],"curies":[{"name":"wp","href":"https:\/\/api.w.org\/{rel}","templated":true}]}}