{"id":3836,"date":"2007-11-07T00:00:00","date_gmt":"2007-11-07T00:00:00","guid":{"rendered":"http:\/\/www.vibra-stop.com.br\/vm\/?p=3836"},"modified":"2007-11-07T00:00:00","modified_gmt":"2007-11-07T00:00:00","slug":"monitoramento-da-emissao-de-poluentes-por-veiculos","status":"publish","type":"post","link":"https:\/\/vilamascote.com.br\/index.php\/noticias\/prefeitura\/3836\/monitoramento-da-emissao-de-poluentes-por-veiculos","title":{"rendered":"monitoramento da emiss\u00e3o de poluentes por ve\u00edculos"},"content":{"rendered":"<p>O prefeito Gilberto Kassab deu in\u00edcio nesta segunda-feira (5) ao monitoramento remoto da polui\u00e7\u00e3o emitida por ve\u00edculos que circulam na Cidade. A tecnologia permite que sensores instalados nas vias p\u00fablicas fa\u00e7am a medi\u00e7\u00e3o de gases nocivos que estejam sendo emitidos por autom\u00f3veis em movimento. <object type=\"video\/x-ms-wmv\" data=\"https:\/\/vilamascote.com.br\/videos\/noticias\/sensoriamento_remoto.wmv\" align=\"right\" height=\"307\" width=\"322\"><param name=\"src\" value=\"https:\/\/vilamascote.com.br\/videos\/noticias\/sensoriamento_remoto.wmv\"><\/param><param name=\"autostart\" value=\"true\"><\/param><param name=\"controller\" value=\"true\"><\/param><\/object> Estima-se que em um ano o monitoramento forne\u00e7a 750 mil leituras, sendo 480 mil identifica\u00e7\u00f5es consideradas v\u00e1lidas.  &#8220;Vamos fazer a medi\u00e7\u00e3o por sensoriamento remoto em 52 pontos de S\u00e3o Paulo. Os carros v\u00e3o estar circulando normalmente. N\u00e3o haver\u00e1 obst\u00e1culos e ningu\u00e9m ser\u00e1 multado&#8221;, afirmou Kassab. O equipamento ficar\u00e1 dentro de uma van. Est\u00e1 regulado para verificar as emiss\u00f5es de ve\u00edculos movidos a \u00e1lcool, gasolina e g\u00e1s. <\/p>\n<p> &#8220;Os motoristas e propriet\u00e1rios de ve\u00edculos podem ficar tranq\u00fcilos. Ningu\u00e9m ser\u00e1 punido sem antes conhecer exatamente o que deve fazer para se enquadrar \u00e0s normas concebidas para melhorar a qualidade do ar que se respira em S\u00e3o Paulo&#8221;, explicou o prefeito. Kassab acrescentou que o monitoramento far\u00e1 uma radiografia da emiss\u00e3o de poluentes por ve\u00edculos automotores em toda a Capital. &#8220;A partir desse diagn\u00f3stico ser\u00e1 poss\u00edvel tomar as medidas necess\u00e1rias para diminuir a polui\u00e7\u00e3o e fazer um alerta aos donos de ve\u00edculos que circulam sem equipamentos com a capacidade de evitar a emiss\u00e3o de gases nocivos \u00e0 sa\u00fade e ao meio ambiente&#8221;, disse o prefeito. <\/p>\n<p> A van com o equipamento de monitoramento ficar\u00e1 uma semana em cada um dos 52 endere\u00e7os escolhidos. Os dados obtidos dar\u00e3o uma radiografia do estado da frota por tipo de ve\u00edculo, ano de fabrica\u00e7\u00e3o e modelo, e ser\u00e3o utilizados para o desenvolvimento de a\u00e7\u00f5es de educa\u00e7\u00e3o ambiental permanentes. A tecnologia utilizada \u00e9 baseada nos princ\u00edpios da espectroscopia infravermelha e ultravioleta. A primeira capta emiss\u00f5es de hidrocarbonetos (HC), mon\u00f3xido de carbono (CO) e di\u00f3xido de carbono (CO\u00b2). A segunda mede as concentra\u00e7\u00f5es de \u00f3xido de nitrog\u00eanio (NOx). O sistema pode medir emiss\u00f5es de at\u00e9 600 carros por hora. <\/p>\n<p> Os raios infravermelho e ultravioleta atravessam a rua e s\u00e3o refletivos em espelho. Voltam ao equipamento para serem captados por uma s\u00e9rie de detectores. As concentra\u00e7\u00f5es de HC, CO, CO\u00b2 e NOx emitidas pelos escapamentos que passam no local s\u00e3o determinadas pela absor\u00e7\u00e3o da luz infravermelha e ultravioleta. Basta um segundo para o teste ser conclu\u00eddo. <\/p>\n<p> A fun\u00e7\u00e3o principal do programa \u00e9 medir as emiss\u00f5es de poluentes, mas o sistema tamb\u00e9m capta e digitaliza imagens do ve\u00edculo, placa de identifica\u00e7\u00e3o, velocidade e acelera\u00e7\u00e3o. As informa\u00e7\u00f5es s\u00e3o usadas para validar o teste e para identificar os motores e sistemas de exaust\u00e3o poluidores e, no futuro, poder\u00e1 monitorar a efici\u00eancia da Inspe\u00e7\u00e3o Ambiental Veicular do Munic\u00edpio. \u00c9 importante destacar que o operador do sistema n\u00e3o tem acesso aos dados coletados. <\/p>\n<p> A ESP, respons\u00e1vel pela tecnologia Remote Sensing, tem experi\u00eancia nos Estados Unidos, \u00c1ustria, Canad\u00e1, M\u00e9xico, Hungria, Cor\u00e9ia, Su\u00e9cia, Su\u00ed\u00e7a, Taiwan e Tail\u00e2ndia. Anualmente, a tecnologia \u00e9 usada para fazer 16 milh\u00f5es de inspe\u00e7\u00f5es. <\/p>\n<p> Segue a rela\u00e7\u00e3o dos 52 endere\u00e7os onde a van que ficar\u00e1 estacionada por uma semana para fazer o monitoramento: <\/p>\n<p> R. Desembargador Paulo Passal\u00e1qua, s\/n &#8211; Centro<br \/> R. dos Apeninos, 39 &#8211; Centro<br \/> R. do Para\u00edso, 724 &#8211; Centro<br \/> R. Tamandar\u00e9, 155 &#8211; Centro<br \/> Acesso \u00e0 Radial Leste pela avenida Salim Farah Maluf &#8211; Zona Leste<br \/> Av. \u00c1lvaro Ramos, 1482 &#8211; Zona Leste<br \/> Av. Gov. Carvalho Pinto com viaduto Gen. Milton Tavares de Souza &#8211; Zona Leste<br \/> Av. Jo\u00e3o XXIII, 1420 &#8211; Zona Leste<br \/> R. Apucarana, 815 &#8211; Zona Leste<br \/> R. dos Trilhos, 1.276 &#8211; Zona Leste<br \/> R. Fernando Falc\u00e3o, 804 &#8211; Zona Leste<br \/> R. Major Bas\u00edlio, 762 &#8211; Zona Leste<br \/> R. Regente Feij\u00f3, s\/n &#8211; Zona Leste<br \/> R. Tijuco Preto, 500 &#8211; Zona Leste<br \/> Viaduto Carlos Ferraci, s\/n &#8211; Zona Leste<br \/> Viaduto Pacheco Chaves, s\/n &#8211; Zona Leste<br \/> Av. Afonso de Sampaio e Souza, 3.092 &#8211; Zona Leste<br \/> Av. Barreira Grande, 640 &#8211; Zona Leste<br \/> Av. Osvaldo Pucci, s\/n &#8211; Zona Leste<br \/> Av. \u00c1guas de S\u00e3o Pedro, 498 &#8211; Zona Norte<br \/> Av. Ataliba Leonel, s\/n &#8211; Zona Norte<br \/> Av. Dumont Villares, 2.202 &#8211; Zona Norte<br \/> Av. Guapira, 117 &#8211; Zona Norte<br \/> Av. Joaquina Ramalho, 1.006 &#8211; Zona Norte<br \/> Av. Nova Cantareira, 4.305 &#8211; Zona Norte<br \/> Av. Santa In\u00eas, 1.206 &#8211; Zona Norte<br \/> Av. Sezefredo Fagundes, 1254 &#8211; Zona Norte<br \/> Av. Zacchi Narchi, 1256 &#8211; Zona Norte<br \/> R. Coronel Marc\u00edlio Franco, 51 &#8211; Zona Norte<br \/> R. Volunt\u00e1rios da P\u00e1tria, 4.500 &#8211; Zona Norte<br \/> Av. Corifeu de Azevedo Marques, 6.000 &#8211; Zona Oeste<br \/> Av. Dr. Guilherme Dumont Villares com rua Carpuan\u00e3 &#8211; Zona Oeste<br \/> Av. Dr. Guilherme Dumont Villares, 1.151 &#8211; Sentido R\u00e9gis Bittencourt &#8211; Zona Oeste<br \/> Av. Escola Polit\u00e9cnica, 2.281 &#8211; Zona Oeste<br \/> Av. Giovanni Gronchi, s\/n &#8211; Zona Oeste<br \/> Av. Queiroz Filho, s\/n &#8211; Zona Oeste<br \/> In\u00edcio da ponte do Jaguar\u00e9 &#8211; Sentido bairro &#8211; Zona Oeste<br \/> R. Aur\u00e9lia, 1.200 &#8211; Zona Oeste<br \/> R. Eng. Oscar Americano com rua Circular do Bosque &#8211; Zona Oeste<br \/> R. Prof. Jos\u00e9 Hor\u00e1cio M. Teixeira, s\/n &#8211; Zona Oeste<br \/> R. S\u00e3o Gualter, s\/n &#8211; Zona Oeste<br \/> R. Dr. Luiz Migliano com rua Maximiliano Maciel &#8211; Zona Oeste<br \/> Av. D. Helena Pereira de Moraes com rua Dep. La\u00e9rcio Corte &#8211; Zona Sul<br \/> Av. do Cursino, s\/n &#8211; Zona Sul<br \/> Av. Miguel Stefano, s\/n &#8211; Zona Sul<br \/> Av. Nazar\u00e9, 356 &#8211; Zona Sul<br \/> R. Vergueiro, 3.054 &#8211; Zona Sul<br \/> R. Bom Pastor, 957 &#8211; Zona Sul<br \/> R. Fran\u00e7a Pinto, 700 &#8211; Zona Sul<br \/> Av. Cupec\u00ea, s\/n &#8211; Zona Sul<\/p>\n<p> Frota de \u00f4nibus <\/p>\n<p> A Prefeitura come\u00e7ou, em maio de 2007, a inspe\u00e7\u00e3o da frota de \u00f4nibus de fretamento. Ao todo, 3 mil \u00f4nibus constam do cadastro do Departamento de Transporte P\u00fablico (DTP) da Secretaria Municipal de Transportes. De maio a outubro foram inspecionados 2.063 \u00f4nibus, dos quais 237 foram reprovados. Caso o ve\u00edculo n\u00e3o seja aprovado, retorna em prazo estabelecido para nova vistoria. Se neste caso for novamente reprovado, est\u00e1 sujeito a multa no valor m\u00ednimo de R$ 1.000,00 (Lei n\u00ba 9605\/99 e Decreto n\u00ba 3.179\/99). A frota de \u00f4nibus do transporte p\u00fablico da Cidade j\u00e1 passa por inspe\u00e7\u00e3o desde 2005, tendo um \u00edndice de 10% de reprova\u00e7\u00e3o. <\/p>\n<p> Em julho de 2008 entra em vigor a portaria n\u00ba 46\/SVMA-G\/2006 que estabelece a obrigatoriedade de distribuir, no Munic\u00edpio de S\u00e3o Paulo, apenas \u00f3leo diesel com teor m\u00e1ximo de enxofre na concentra\u00e7\u00e3o de 50 ppm (50 part\u00edculas por milh\u00e3o). A partir de julho de 2010, este \u00edndice dever\u00e1 ser, obrigatoriamente, ainda menor: 15 ppm. A import\u00e2ncia da redu\u00e7\u00e3o de emiss\u00f5es de poluentes pelos ve\u00edculos a diesel, que ainda matam cerca de 3 mil pessoas por ano somente em S\u00e3o Paulo, j\u00e1 foi determinada pelo Conselho Nacional de Meio Ambiente (CONAMA) h\u00e1 seis anos. Medidas semelhantes foram adotadas por outros pa\u00edses integrantes da Comunidade Europ\u00e9ia, pelos Estados Unidos e, recentemente, pelo M\u00e9xico. Cabe ressaltar que, a partir de 2009, ser\u00e1 tolerado em todo o pa\u00eds, de acordo com diretriz do Proconve, apenas diesel com 50 ppm. <\/p>\n<p> Benef\u00edcios para a sa\u00fade <\/p>\n<p> Segundo pesquisas do Laborat\u00f3rio de Polui\u00e7\u00e3o Atmosf\u00e9rica Experimental da Faculdade de Medicina da USP, estima-se que cerca de 10% das mortes de idosos, 7% da mortandade infantil e de 15 a 20% das interna\u00e7\u00f5es de crian\u00e7as por doen\u00e7as respirat\u00f3rias estejam relacionadas com as varia\u00e7\u00f5es da polui\u00e7\u00e3o atmosf\u00e9rica. <\/p>\n<p> Em dias de grande contamina\u00e7\u00e3o do ar o risco de morte por doen\u00e7as do pulm\u00e3o e do cora\u00e7\u00e3o aumenta em at\u00e9 12%. Habitantes de S\u00e3o Paulo vivem em m\u00e9dia um ano e meio a menos do que pessoas que moram em cidades de ar mais limpo. De acordo com o Relat\u00f3rio de Qualidade do Ar no Estado de S\u00e3o Paulo de 2006, realizado pela CETESB, os ve\u00edculos automotores na Regi\u00e3o Metropolitana representam 98% das emiss\u00f5es de mon\u00f3xido de carbono, 93% de hidrocarbonetos, 96% de \u00f3xidos de nitrog\u00eanio, 35% de \u00f3xido de enxofre e 40% de material particulado. Com o controle das emiss\u00f5es veiculares, os n\u00edveis de polui\u00e7\u00e3o do ar cair\u00e3o de 30 a 40%. <\/p>\n<p> Inspe\u00e7\u00e3o Ambiental Veicular <\/p>\n<p> A movimenta\u00e7\u00e3o a favor da realiza\u00e7\u00e3o de um programa de controle de emiss\u00e3o de gases poluentes \u00e9 antiga. A primeira medida legal que deu in\u00edcio ao processo data dos anos 90. Hoje, o Programa de Inspe\u00e7\u00e3o Ambiental Veicular est\u00e1 previsto em lei e regulamentado em \u00e2mbito nacional. Na Cidade de S\u00e3o Paulo o Programa foi criado e regulamentado pelas Leis Municipais 11.733 de 27\/03\/95 e 12.157 de 09\/08\/96 e pelo Decreto Municipal 36.305 de 13\/08\/96. <\/p>\n<p> O Art. 104 da Lei Federal n\u00ba 9.503 de 23\/09\/97 que instituiu o novo C\u00f3digo de Tr\u00e2nsito Brasileiro estabelece: &#8220;Os ve\u00edculos em circula\u00e7\u00e3o ter\u00e3o suas condi\u00e7\u00f5es de seguran\u00e7a, de controle de emiss\u00f5es de gases poluentes e de ru\u00eddo avaliadas mediante inspe\u00e7\u00e3o, que ser\u00e1 obrigat\u00f3ria, na forma e periodicidade estabelecidas pelo CONTRAN para os itens de seguran\u00e7a e pelo CONAMA para emiss\u00e3o de gases poluentes e ru\u00eddo&#8221;. O CONAMA j\u00e1 regulamentou a inspe\u00e7\u00e3o ambiental atrav\u00e9s das Resolu\u00e7\u00f5es 7\/93, 227\/97, 251\/99, 252\/99 e 256\/99, delegando aos estados e munic\u00edpios \u00e0 sua implanta\u00e7\u00e3o. <\/p>\n<p> A Lei Federal 10.203 de 22\/02\/01, que deu nova reda\u00e7\u00e3o aos arts. 9\u00ba e 12 da Lei Federal 8.723, de 28\/10\/93, estabeleceram que o Munic\u00edpio de S\u00e3o Paulo pode at\u00e9 estabelecer processos diferenciados bem como limites mais restritivos, a saber: <\/p>\n<p> Art 12 &#8230;. <\/p>\n<p> &#8220;\u00a7 2\u00ba Os Munic\u00edpios com frota total igual ou superior a tr\u00eas milh\u00f5es de ve\u00edculos poder\u00e3o implantar programas pr\u00f3prios de inspe\u00e7\u00e3o peri\u00f3dica de emiss\u00f5es de ve\u00edculos em circula\u00e7\u00e3o, competindo o Poder P\u00fablico Municipal, no desenvolvimento de seus respectivos programas, estabelecer processos e procedimentos diferenciados, bem como limites e periodicidades mais restritivos, em fun\u00e7\u00e3o do n\u00edvel local de comprometimento do ar&#8221;. <\/p>\n<p> A Inspe\u00e7\u00e3o Ambiental Veicular ter\u00e1 in\u00edcio em maio de 2008 para os ve\u00edculos movidos a diesel e parte dos ve\u00edculos movidos a \u00e1lcool, g\u00e1s e gasolina. Em 2009 a inspe\u00e7\u00e3o ser\u00e1 obrigat\u00f3ria para todos os ve\u00edculos. A Controlar S.A., empresa que venceu a licita\u00e7\u00e3o realizada pela Prefeitura para oferecer o servi\u00e7o, far\u00e1 a inspe\u00e7\u00e3o. A Controlar \u00e9 uma EPE (Empresa de Prop\u00f3sito Espec\u00edfico) constitu\u00edda para realizar o trabalho de inspe\u00e7\u00e3o na frota paulistana e utiliza tecnologia da T\u00dcV NORD da Alemanha e da ESP norte-americana. <\/p>\n<p> Para os ve\u00edculos novos, a inspe\u00e7\u00e3o \u00e9 obrigat\u00f3ria a partir do segundo licenciamento. O propriet\u00e1rio do ve\u00edculo, ao pagar a taxa de licenciamento, pagar\u00e1 tamb\u00e9m a tarifa de inspe\u00e7\u00e3o e ter\u00e1 90 dias para realizar a vistoria nos centros da Controlar. Os carros com um ano ou mais de uso tamb\u00e9m ter\u00e3o a partir da data do licenciamento 90 dias para realizar a inspe\u00e7\u00e3o. O propriet\u00e1rio que n\u00e3o fizer a inspe\u00e7\u00e3o n\u00e3o poder\u00e1 licenciar o ve\u00edculo e estar\u00e1 sujeito a multa de 300 Ufirs. <img decoding=\"async\" src=\"..\/imagens\/noticias\/sensoriamento_remoto.jpg\" align=\"right\"\/> <\/p>\n<p> O tempo m\u00e1ximo de perman\u00eancia nos centros de inspe\u00e7\u00e3o para a realiza\u00e7\u00e3o do servi\u00e7o ser\u00e1 de 30 minutos. Os atendimentos ser\u00e3o realizados com hora marcada, por meio do Call-Center ou do site da concession\u00e1ria. Primeiro ser\u00e1 realizada uma inspe\u00e7\u00e3o visual (verifica\u00e7\u00e3o de escapamento e catalisador). Se for constatada alguma irregularidade o carro ser\u00e1 rejeitado com a emiss\u00e3o de um laudo dos ajustes a serem feitos pelo propriet\u00e1rio em oficina de confian\u00e7a do dono do ve\u00edculo. O propriet\u00e1rio ter\u00e1 30 dias para realizar um novo teste sem pagar nova tarifa. <\/p>\n<p> O segundo teste \u00e9 de emiss\u00e3o de poluentes e segue uma medi\u00e7\u00e3o computadorizada sem que o t\u00e9cnico possa interferir no resultado. Caso o ve\u00edculo seja reprovado ter\u00e1 o mesmo prazo, um m\u00eas para voltar a fazer a inspe\u00e7\u00e3o sem um novo pagamento. O teste n\u00e3o leva mais de sete minutos, em m\u00e9dia, para ser feito, no caso dos ve\u00edculos movidos a diesel. Quando o combust\u00edvel usado \u00e9 gasolina, g\u00e1s e \u00e1lcool o tempo m\u00e9dio do teste \u00e9 de cinco minutos. <\/p>\n<p>Fonte: <a href=# target=_blank>Prefeitura da Cidade de S\u00e3o Paulo<\/a><\/p>\n","protected":false},"excerpt":{"rendered":"<p>O prefeito Gilberto Kassab deu in\u00edcio nesta segunda-feira (5) ao monitoramento remoto da polui\u00e7\u00e3o emitida por ve\u00edculos que circulam na Cidade. A tecnologia permite que sensores instalados nas vias p\u00fablicas fa\u00e7am a medi\u00e7\u00e3o de gases nocivos que estejam sendo emitidos por autom\u00f3veis em movimento. Estima-se que em um ano o monitoramento forne\u00e7a 750 mil leituras, &hellip;<\/p>\n","protected":false},"author":1,"featured_media":0,"comment_status":"open","ping_status":"open","sticky":false,"template":"","format":"standard","meta":{"footnotes":""},"categories":[20],"tags":[],"class_list":["post-3836","post","type-post","status-publish","format-standard","","category-prefeitura"],"_links":{"self":[{"href":"https:\/\/vilamascote.com.br\/index.php\/wp-json\/wp\/v2\/posts\/3836","targetHints":{"allow":["GET"]}}],"collection":[{"href":"https:\/\/vilamascote.com.br\/index.php\/wp-json\/wp\/v2\/posts"}],"about":[{"href":"https:\/\/vilamascote.com.br\/index.php\/wp-json\/wp\/v2\/types\/post"}],"author":[{"embeddable":true,"href":"https:\/\/vilamascote.com.br\/index.php\/wp-json\/wp\/v2\/users\/1"}],"replies":[{"embeddable":true,"href":"https:\/\/vilamascote.com.br\/index.php\/wp-json\/wp\/v2\/comments?post=3836"}],"version-history":[{"count":0,"href":"https:\/\/vilamascote.com.br\/index.php\/wp-json\/wp\/v2\/posts\/3836\/revisions"}],"wp:attachment":[{"href":"https:\/\/vilamascote.com.br\/index.php\/wp-json\/wp\/v2\/media?parent=3836"}],"wp:term":[{"taxonomy":"category","embeddable":true,"href":"https:\/\/vilamascote.com.br\/index.php\/wp-json\/wp\/v2\/categories?post=3836"},{"taxonomy":"post_tag","embeddable":true,"href":"https:\/\/vilamascote.com.br\/index.php\/wp-json\/wp\/v2\/tags?post=3836"}],"curies":[{"name":"wp","href":"https:\/\/api.w.org\/{rel}","templated":true}]}}