{"id":3802,"date":"2007-09-14T00:00:00","date_gmt":"2007-09-14T00:00:00","guid":{"rendered":"http:\/\/www.vibra-stop.com.br\/vm\/?p=3802"},"modified":"2007-09-14T00:00:00","modified_gmt":"2007-09-14T00:00:00","slug":"kassab-vistoria-onibus-que-provocou-morte","status":"publish","type":"post","link":"https:\/\/vilamascote.com.br\/index.php\/noticias\/prefeitura\/3802\/kassab-vistoria-onibus-que-provocou-morte","title":{"rendered":"Kassab vistoria \u00f4nibus que provocou morte"},"content":{"rendered":"<p><object align=\"right\" type=\"video\/x-ms-wmv\" data=\"https:\/\/vilamascote.com.br\/videos\/noticias\/empresa_onibus.wmv\"    width=\"322\" height=\"307\"><param name=\"src\" value=\"https:\/\/vilamascote.com.br\/videos\/noticias\/empresa_onibus.wmv\" \/><param name=\"autostart\" value=\"true\" \/><param name=\"controller\" value=\"true\" \/><\/object> O prefeito Gilberto Kassab vistoriou nesta quinta-feira (13) a garagem da cooperativa Cooperauhton, propriet\u00e1ria do \u00f4nibus cuja roda se desprendeu do ve\u00edculo em movimento e causou uma morte ontem, na avenida Washington Luiz, Zona Sul da Cidade. Durante a inspe\u00e7\u00e3o, ao lado do secret\u00e1rio municipal de Transportes, Alexandre de Moraes, Kassab afirmou ser &#8220;inadmiss\u00edvel que um ve\u00edculo possa ter um acidente com aquelas caracter\u00edsticas. Uma roda n\u00e3o se solta de uma hora para a outra&#8221;. <\/p>\n<p> Uma equipe da S\u00e3o Paulo Transporte (SPTrans) verificou at\u00e9 o momento 20 \u00f4nibus da empresa, identificando dez que n\u00e3o possu\u00edam condi\u00e7\u00f5es de circular &#8211; por motivos que v\u00e3o da falta de condi\u00e7\u00f5es de seguran\u00e7a ou idade superior a 10 anos, o que n\u00e3o \u00e9 permitido, at\u00e9 problemas na documenta\u00e7\u00e3o. Todos os ve\u00edculos foram retirados de circula\u00e7\u00e3o. <\/p>\n<p> Kassab tamb\u00e9m anunciou a amplia\u00e7\u00e3o da fiscaliza\u00e7\u00e3o na manuten\u00e7\u00e3o da frota municipal. Todos os 15 mil \u00f4nibus da Cidade passar\u00e3o por vistorias semestrais. No caso da Cooperauhton, a exig\u00eancia foi antecipada e 100% da frota ser\u00e1 fiscalizada at\u00e9 o final da semana que vem. A inspe\u00e7\u00e3o dos 620 ve\u00edculos obedecer\u00e1 a cronograma para n\u00e3o prejudicar os usu\u00e1rios com uma redu\u00e7\u00e3o substancial do n\u00famero de \u00f4nibus em circula\u00e7\u00e3o. Outro ponto importante: os servi\u00e7os de manuten\u00e7\u00e3o passam a ocorrer, de agora em diante, de quatro em quatro meses. <\/p>\n<p> A fiscaliza\u00e7\u00e3o sobre a manuten\u00e7\u00e3o dos \u00f4nibus ser\u00e1 mais rigorosa. Os consertos ou substitui\u00e7\u00f5es de pe\u00e7as ser\u00e3o registrados, para que depois a SPTrans possa checar se a manuten\u00e7\u00e3o realmente ocorreu e se foi bem executada. Essa inspe\u00e7\u00e3o \u00e9 feita por amostragem, que aumentar\u00e1 de 10% da frota, atualmente, para 30%. <\/p>\n<p> &#8220;Seremos implac\u00e1veis com essa fiscaliza\u00e7\u00e3o&#8221;, afirmou o prefeito. &#8220;Esse acidente mostra que as empresas n\u00e3o est\u00e3o tendo a responsabilidade necess\u00e1ria para transportar 4 milh\u00f5es de passageiros por dia&#8221;, acrescentou Kassab. <br \/><img decoding=\"async\" src=\"..\/imagens\/noticias\/empresa_onibus.jpg\" align=\"left\"\/> <br \/> O prefeito lembrou o esfor\u00e7o da administra\u00e7\u00e3o municipal para renovar a frota de coletivos. &#8220;Pela primeira vez na Cidade, digo e ratifico que at\u00e9 o final da gest\u00e3o teremos toda a frota renovada&#8221;. De acordo com o prefeito, &#8220;quando assumimos a Prefeitura encontramos uma frota totalmente sucateada e velha e, portanto, ilegal. E fomos extremamente rigorosos com sua renova\u00e7\u00e3o&#8221;. <\/p>\n<p> Segundo o secret\u00e1rio Moraes, a idade m\u00e9dia da frota \u00e9 a menor desde 1998, com 5 anos e 3 meses. At\u00e9 o ano que vem, essa m\u00e9dia chegar\u00e1 a 3 anos e meio. Ele tamb\u00e9m lembrou outras a\u00e7\u00f5es da Secretaria Municipal de Transportes, como a aquisi\u00e7\u00e3o na semana passada de um novo equipamento para facilitar as inspe\u00e7\u00f5es dos coletivos. Outro ponto destacado: o aumento de 600 fiscais da SPTrans. <\/p>\n<p> Kassab informou que, ap\u00f3s as conclus\u00f5es da sindic\u00e2ncia, punir\u00e1 exemplarmente os respons\u00e1veis pelo acidente de ontem na Washington Luiz.<\/p>\n<p>Fonte: <a href=# target=_blank>Prefeitura da Cidade de S\u00e3o Paulo<\/a><\/p>\n","protected":false},"excerpt":{"rendered":"<p>O prefeito Gilberto Kassab vistoriou nesta quinta-feira (13) a garagem da cooperativa Cooperauhton, propriet\u00e1ria do \u00f4nibus cuja roda se desprendeu do ve\u00edculo em movimento e causou uma morte ontem, na avenida Washington Luiz, Zona Sul da Cidade. Durante a inspe\u00e7\u00e3o, ao lado do secret\u00e1rio municipal de Transportes, Alexandre de Moraes, Kassab afirmou ser &#8220;inadmiss\u00edvel que &hellip;<\/p>\n","protected":false},"author":1,"featured_media":0,"comment_status":"open","ping_status":"open","sticky":false,"template":"","format":"standard","meta":{"footnotes":""},"categories":[20],"tags":[],"class_list":["post-3802","post","type-post","status-publish","format-standard","","category-prefeitura"],"_links":{"self":[{"href":"https:\/\/vilamascote.com.br\/index.php\/wp-json\/wp\/v2\/posts\/3802","targetHints":{"allow":["GET"]}}],"collection":[{"href":"https:\/\/vilamascote.com.br\/index.php\/wp-json\/wp\/v2\/posts"}],"about":[{"href":"https:\/\/vilamascote.com.br\/index.php\/wp-json\/wp\/v2\/types\/post"}],"author":[{"embeddable":true,"href":"https:\/\/vilamascote.com.br\/index.php\/wp-json\/wp\/v2\/users\/1"}],"replies":[{"embeddable":true,"href":"https:\/\/vilamascote.com.br\/index.php\/wp-json\/wp\/v2\/comments?post=3802"}],"version-history":[{"count":0,"href":"https:\/\/vilamascote.com.br\/index.php\/wp-json\/wp\/v2\/posts\/3802\/revisions"}],"wp:attachment":[{"href":"https:\/\/vilamascote.com.br\/index.php\/wp-json\/wp\/v2\/media?parent=3802"}],"wp:term":[{"taxonomy":"category","embeddable":true,"href":"https:\/\/vilamascote.com.br\/index.php\/wp-json\/wp\/v2\/categories?post=3802"},{"taxonomy":"post_tag","embeddable":true,"href":"https:\/\/vilamascote.com.br\/index.php\/wp-json\/wp\/v2\/tags?post=3802"}],"curies":[{"name":"wp","href":"https:\/\/api.w.org\/{rel}","templated":true}]}}