{"id":3793,"date":"2007-08-16T00:00:00","date_gmt":"2007-08-16T00:00:00","guid":{"rendered":"http:\/\/www.vibra-stop.com.br\/vm\/?p=3793"},"modified":"2007-08-16T00:00:00","modified_gmt":"2007-08-16T00:00:00","slug":"prorrogadas-inscricoes-para-o-capacita-sampa","status":"publish","type":"post","link":"https:\/\/vilamascote.com.br\/index.php\/noticias\/prefeitura\/3793\/prorrogadas-inscricoes-para-o-capacita-sampa","title":{"rendered":"Prorrogadas inscri\u00e7\u00f5es para o Capacita Sampa"},"content":{"rendered":"<p>Devido \u00e0 grande procura nos \u00faltimos dias de inscri\u00e7\u00e3o para o Capacita Sampa, a Secretaria Municipal do Trabalho aumentou o n\u00famero de vagas e prorrogou as inscri\u00e7\u00f5es at\u00e9 sexta-feira (17) em qualquer uma das seis unidades do Centro de Apoio ao Trabalho (CAT). <\/p>\n<p> Agora s\u00e3o 8.400 vagas para os cursos de Tecnologia de Telecomunica\u00e7\u00f5es e Montagem e Manuten\u00e7\u00e3o de Microcomputadores, Hospitalidade e Meios de Hospedagem, Est\u00e9tica e Beleza e Gastronomia. <\/p>\n<p> Os alunos v\u00e3o receber uma bolsa-aux\u00edlio no valor de R$ 200 por m\u00eas e lanche di\u00e1rio. <\/p>\n<p> Veja os endere\u00e7os dos CATs no link.<\/p>\n<p>Fonte: <a href=http:\/\/portal.prefeitura.sp.gov.br\/noticias\/sec\/trabalho\/2007\/08\/0004 target=_blank>Prefeitura da Cidade de S\u00e3o Paulo<\/a><\/p>\n","protected":false},"excerpt":{"rendered":"<p>Devido \u00e0 grande procura nos \u00faltimos dias de inscri\u00e7\u00e3o para o Capacita Sampa, a Secretaria Municipal do Trabalho aumentou o n\u00famero de vagas e prorrogou as inscri\u00e7\u00f5es at\u00e9 sexta-feira (17) em qualquer uma das seis unidades do Centro de Apoio ao Trabalho (CAT). Agora s\u00e3o 8.400 vagas para os cursos de Tecnologia de Telecomunica\u00e7\u00f5es e &hellip;<\/p>\n","protected":false},"author":1,"featured_media":0,"comment_status":"open","ping_status":"open","sticky":false,"template":"","format":"standard","meta":{"footnotes":""},"categories":[20],"tags":[],"class_list":["post-3793","post","type-post","status-publish","format-standard","","category-prefeitura"],"_links":{"self":[{"href":"https:\/\/vilamascote.com.br\/index.php\/wp-json\/wp\/v2\/posts\/3793","targetHints":{"allow":["GET"]}}],"collection":[{"href":"https:\/\/vilamascote.com.br\/index.php\/wp-json\/wp\/v2\/posts"}],"about":[{"href":"https:\/\/vilamascote.com.br\/index.php\/wp-json\/wp\/v2\/types\/post"}],"author":[{"embeddable":true,"href":"https:\/\/vilamascote.com.br\/index.php\/wp-json\/wp\/v2\/users\/1"}],"replies":[{"embeddable":true,"href":"https:\/\/vilamascote.com.br\/index.php\/wp-json\/wp\/v2\/comments?post=3793"}],"version-history":[{"count":0,"href":"https:\/\/vilamascote.com.br\/index.php\/wp-json\/wp\/v2\/posts\/3793\/revisions"}],"wp:attachment":[{"href":"https:\/\/vilamascote.com.br\/index.php\/wp-json\/wp\/v2\/media?parent=3793"}],"wp:term":[{"taxonomy":"category","embeddable":true,"href":"https:\/\/vilamascote.com.br\/index.php\/wp-json\/wp\/v2\/categories?post=3793"},{"taxonomy":"post_tag","embeddable":true,"href":"https:\/\/vilamascote.com.br\/index.php\/wp-json\/wp\/v2\/tags?post=3793"}],"curies":[{"name":"wp","href":"https:\/\/api.w.org\/{rel}","templated":true}]}}