{"id":3790,"date":"2007-08-21T00:00:00","date_gmt":"2007-08-21T00:00:00","guid":{"rendered":"http:\/\/www.vibra-stop.com.br\/vm\/?p=3790"},"modified":"2007-08-21T00:00:00","modified_gmt":"2007-08-21T00:00:00","slug":"xvii-festa-as-nacoes","status":"publish","type":"post","link":"https:\/\/vilamascote.com.br\/index.php\/noticias\/diversas\/3790\/xvii-festa-as-nacoes","title":{"rendered":"XVII Festa as Na\u00e7\u00f5es"},"content":{"rendered":"<p>Programa\u00e7\u00e3o(*) da XVII Festa das Na\u00e7\u00f5es, da Par\u00f3quia Sant`Ana: <\/p>\n<p> <b>S\u00e1bado (25 de agosto)<\/b> <\/p>\n<p> 12:00 &#8211; Abertura com a B\u00ean\u00e7\u00e3o das Barracas<br \/> 14:00 &#8211; Coral das Crian\u00e7as do Col\u00e9gio Madre Alix<br \/> 15:00 &#8211; Grupo de Dan\u00e7a PRIDE &#8211; Col\u00e9gio Marajoara<br \/> 15:30 &#8211; Corpo de Baile do Col\u00e9gio Magister<br \/> 17:00 &#8211; Dan\u00e7as Folcl\u00f3ricas Alem\u00e3s do Col\u00e9gio Porto Seguro<br \/> 18:00 &#8211; Grupo de Dan\u00e7as Folcl\u00f3ricas Alem\u00e3s Edelweiss<br \/> 19:00 &#8211; Dan\u00e7as Ciganas &#8211; Blanca Gutierrez<br \/> 19:45 &#8211; Grupo de Jovens da Par\u00f3quia Sant`Ana<br \/> 20:00 &#8211; Dan\u00e7a de Sal\u00e3o Projeto Arte e Movimento<br \/> 21:00 &#8211; Rancho de Dan\u00e7as e Cantares Arouquense<\/p>\n<p> <b>Domingo (26 de agosto)<\/b> <\/p>\n<p> 08:00 &#8211; Caf\u00e9 da Manh\u00e3<br \/> 12:00 &#8211; Almo\u00e7o Italiano<br \/> 13:30 &#8211; Catequese da Par\u00f3quia Sant`Ana<br \/> 14:00 &#8211; Corpo de Baile do Col\u00e9gio Emilie de Villeneuve<br \/> 15:00 &#8211; Soc. Amigos da Dalm\u00e1cia &#8211; Grupo Jadan &#8211; Cro\u00e1cia<br \/> 16:00 &#8211; CTG Barbosa Lessa &#8211; Folclore Ga\u00facho<br \/> 17:00 &#8211; Ballet Cristiane Rabelo<br \/> 18:00 &#8211; Missa Solene<br \/> 20:00 &#8211; Flamenco &#8211; Merit Espa\u00e7o Cultural 20:30 &#8211; Coral da Par\u00f3quia Sant`Ana<\/p>\n<p> Barracas de 16 Pa\u00edses com com\u00eddas t\u00edpicas, brincadeiras e artigos diversos.<\/p>\n<p>  N\u00e3o deixe de participar dessa grande festa e traga a sua fam\u00edlia.<\/p>\n<p>  Rua Regina Badra, 282 &#8211; Alto da Boa Vista<br \/> (trav. da Rua Marechal Deodoro)<br \/> Maiores informa\u00e7\u00f5es pelo fone: 5521-6526<br \/> (*)Programa\u00e7\u00e3o Sujeita \u00e0 altera\u00e7\u00e3o<\/p>\n<p>Fonte: <a href=# target=_blank>Par\u00f3quia Sant`Ana<\/a><\/p>\n","protected":false},"excerpt":{"rendered":"<p>Programa\u00e7\u00e3o(*) da XVII Festa das Na\u00e7\u00f5es, da Par\u00f3quia Sant`Ana: S\u00e1bado (25 de agosto) 12:00 &#8211; Abertura com a B\u00ean\u00e7\u00e3o das Barracas 14:00 &#8211; Coral das Crian\u00e7as do Col\u00e9gio Madre Alix 15:00 &#8211; Grupo de Dan\u00e7a PRIDE &#8211; Col\u00e9gio Marajoara 15:30 &#8211; Corpo de Baile do Col\u00e9gio Magister 17:00 &#8211; Dan\u00e7as Folcl\u00f3ricas Alem\u00e3s do Col\u00e9gio Porto &hellip;<\/p>\n","protected":false},"author":1,"featured_media":0,"comment_status":"open","ping_status":"open","sticky":false,"template":"","format":"standard","meta":{"footnotes":""},"categories":[24],"tags":[],"class_list":["post-3790","post","type-post","status-publish","format-standard","","category-diversas"],"_links":{"self":[{"href":"https:\/\/vilamascote.com.br\/index.php\/wp-json\/wp\/v2\/posts\/3790","targetHints":{"allow":["GET"]}}],"collection":[{"href":"https:\/\/vilamascote.com.br\/index.php\/wp-json\/wp\/v2\/posts"}],"about":[{"href":"https:\/\/vilamascote.com.br\/index.php\/wp-json\/wp\/v2\/types\/post"}],"author":[{"embeddable":true,"href":"https:\/\/vilamascote.com.br\/index.php\/wp-json\/wp\/v2\/users\/1"}],"replies":[{"embeddable":true,"href":"https:\/\/vilamascote.com.br\/index.php\/wp-json\/wp\/v2\/comments?post=3790"}],"version-history":[{"count":0,"href":"https:\/\/vilamascote.com.br\/index.php\/wp-json\/wp\/v2\/posts\/3790\/revisions"}],"wp:attachment":[{"href":"https:\/\/vilamascote.com.br\/index.php\/wp-json\/wp\/v2\/media?parent=3790"}],"wp:term":[{"taxonomy":"category","embeddable":true,"href":"https:\/\/vilamascote.com.br\/index.php\/wp-json\/wp\/v2\/categories?post=3790"},{"taxonomy":"post_tag","embeddable":true,"href":"https:\/\/vilamascote.com.br\/index.php\/wp-json\/wp\/v2\/tags?post=3790"}],"curies":[{"name":"wp","href":"https:\/\/api.w.org\/{rel}","templated":true}]}}