{"id":3784,"date":"2007-07-20T00:00:00","date_gmt":"2007-07-20T00:00:00","guid":{"rendered":"http:\/\/www.vibra-stop.com.br\/vm\/?p=3784"},"modified":"2007-07-20T00:00:00","modified_gmt":"2007-07-20T00:00:00","slug":"apresentacao-do-conjunto-retratos-220707","status":"publish","type":"post","link":"https:\/\/vilamascote.com.br\/index.php\/noticias\/subprefeitura-jabaquara\/3784\/apresentacao-do-conjunto-retratos-220707","title":{"rendered":"Apresenta\u00e7\u00e3o do Conjunto Retratos &#8211; 22\/07\/07"},"content":{"rendered":"<p>REVELANDO O CHORO UM PANORAMA DA M\u00daSICA INSTRUMENTAL NO BRASIL, SEUS AUTORES, INT\u00c9RPRETES E SUAS M\u00daSICAS. <\/p>\n<p> DE CHIQUINHA GONZAGA \u00c0 TOM JOBIM. <\/p>\n<p> Entrada Franca <\/p>\n<p> Dia 22 de Julho \u2013 Domingo \u00e0s 17:00hs. <\/p>\n<p> JAMAC \u2013 Jardim Miriam Arte Clube<br \/> Rua Maria Balades Corr\u00eaa n.\u00ba 08 \u2013 Jardim Miriam<br \/> (Pr\u00f3ximo ao 98\u00baDP na Av. Angelo Cristianini)<br \/> Tel.: 5626-9720 <\/p>\n<p> Conjunto Retratos<br \/> Integrantes: Alex Mendes \u2013 Bandolim, Alexander Proc\u00f3pio \u2013 Viol\u00e3o, C\u00e9sar Ricardo \u2013 Viol\u00e3o, Fernando Henrique \u2013 Cavaquinho, Marcelo Sousa \u2013 Ritmo e Paulo Gilberto \u2013 Flauta.<\/p>\n<p>Fonte: <a href=# target=_blank>Subprefeitura Jabaquara<\/a><\/p>\n","protected":false},"excerpt":{"rendered":"<p>REVELANDO O CHORO UM PANORAMA DA M\u00daSICA INSTRUMENTAL NO BRASIL, SEUS AUTORES, INT\u00c9RPRETES E SUAS M\u00daSICAS. DE CHIQUINHA GONZAGA \u00c0 TOM JOBIM. Entrada Franca Dia 22 de Julho \u2013 Domingo \u00e0s 17:00hs. JAMAC \u2013 Jardim Miriam Arte Clube Rua Maria Balades Corr\u00eaa n.\u00ba 08 \u2013 Jardim Miriam (Pr\u00f3ximo ao 98\u00baDP na Av. Angelo Cristianini) Tel.: &hellip;<\/p>\n","protected":false},"author":1,"featured_media":0,"comment_status":"open","ping_status":"open","sticky":false,"template":"","format":"standard","meta":{"footnotes":""},"categories":[21],"tags":[],"class_list":["post-3784","post","type-post","status-publish","format-standard","","category-subprefeitura-jabaquara"],"_links":{"self":[{"href":"https:\/\/vilamascote.com.br\/index.php\/wp-json\/wp\/v2\/posts\/3784","targetHints":{"allow":["GET"]}}],"collection":[{"href":"https:\/\/vilamascote.com.br\/index.php\/wp-json\/wp\/v2\/posts"}],"about":[{"href":"https:\/\/vilamascote.com.br\/index.php\/wp-json\/wp\/v2\/types\/post"}],"author":[{"embeddable":true,"href":"https:\/\/vilamascote.com.br\/index.php\/wp-json\/wp\/v2\/users\/1"}],"replies":[{"embeddable":true,"href":"https:\/\/vilamascote.com.br\/index.php\/wp-json\/wp\/v2\/comments?post=3784"}],"version-history":[{"count":0,"href":"https:\/\/vilamascote.com.br\/index.php\/wp-json\/wp\/v2\/posts\/3784\/revisions"}],"wp:attachment":[{"href":"https:\/\/vilamascote.com.br\/index.php\/wp-json\/wp\/v2\/media?parent=3784"}],"wp:term":[{"taxonomy":"category","embeddable":true,"href":"https:\/\/vilamascote.com.br\/index.php\/wp-json\/wp\/v2\/categories?post=3784"},{"taxonomy":"post_tag","embeddable":true,"href":"https:\/\/vilamascote.com.br\/index.php\/wp-json\/wp\/v2\/tags?post=3784"}],"curies":[{"name":"wp","href":"https:\/\/api.w.org\/{rel}","templated":true}]}}