{"id":3736,"date":"2006-10-31T00:00:00","date_gmt":"2006-10-31T00:00:00","guid":{"rendered":"http:\/\/www.vibra-stop.com.br\/vm\/?p=3736"},"modified":"2006-10-31T00:00:00","modified_gmt":"2006-10-31T00:00:00","slug":"20-de-novembro-e-feriado-municipal","status":"publish","type":"post","link":"https:\/\/vilamascote.com.br\/index.php\/noticias\/prefeitura\/3736\/20-de-novembro-e-feriado-municipal","title":{"rendered":"20 de novembro \u00e9 feriado municipal"},"content":{"rendered":"<p>A cidade de S\u00e3o Paulo tem cinco feriados municipais. O \u00faltimo foi decretado em 7 de janeiro de 2004, com a Lei n\u00ba 13.707, determinando que seja comemorado em 20 de novembro o dia da Consci\u00eancia Negra.<\/p>\n<p>  Os outros quatro feriados municipais s\u00e3o: 25 de janeiro, 2 de novembro, sexta-feira da Semana Santa e \u201cCorpus Christi\u201d. Em 2006 ser\u00e1 a primeira vez que o feriado municipal ser\u00e1 comemorado em um dia \u00fatil, visto que em 2004 e 2005 coincidiu em ser celebrado em um s\u00e1bado e domingo, respectivamente.<\/p>\n<p>  Leia na \u00edntegra o <a style=\"font-weight: bold;\" href=\"http:\/\/www3.prefeitura.sp.gov.br\/cadlem\/secretarias\/negocios_juridicos\/cadlem\/integra.asp?alt=08012004L 137070000\">texto da Lei 13707<\/a>, que institui o dia da Consci\u00eancia Negra.<\/p>\n<p>  Para mais informa\u00e7\u00f5es sobre as leis e para conferir os textos na \u00edntegra (a partir do ano 2000), clique aqui e acesse a <a style=\"font-weight: bold;\" href=\"http:\/\/www.prefeitura.sp.gov.br\/servicos\/cidadaos\/cidadania\/leis_municipais\/index.php\">p\u00e1gina de busca de leis municipais<\/a>.<\/p>\n<p>\t \t<\/p>\n<p><a href=\"http:\/\/www.prefeitura.sp.gov.br\/portal\/a_cidade\/noticias\/\">+ Confira outras not\u00edcias no Portal da Prefeitura de S.Paulo <\/a><\/p>\n<p>Fonte: <a href=http:\/\/www.prefeitura.sp.gov.br\/portal\/a_cidade\/noticias\/index.php?p=13072 target=_blank>Prefeitura da Cidade de S\u00e3o Paulo<\/a><\/p>\n","protected":false},"excerpt":{"rendered":"<p>A cidade de S\u00e3o Paulo tem cinco feriados municipais. O \u00faltimo foi decretado em 7 de janeiro de 2004, com a Lei n\u00ba 13.707, determinando que seja comemorado em 20 de novembro o dia da Consci\u00eancia Negra. Os outros quatro feriados municipais s\u00e3o: 25 de janeiro, 2 de novembro, sexta-feira da Semana Santa e \u201cCorpus &hellip;<\/p>\n","protected":false},"author":1,"featured_media":0,"comment_status":"open","ping_status":"open","sticky":false,"template":"","format":"standard","meta":{"footnotes":""},"categories":[20],"tags":[],"class_list":["post-3736","post","type-post","status-publish","format-standard","","category-prefeitura"],"_links":{"self":[{"href":"https:\/\/vilamascote.com.br\/index.php\/wp-json\/wp\/v2\/posts\/3736","targetHints":{"allow":["GET"]}}],"collection":[{"href":"https:\/\/vilamascote.com.br\/index.php\/wp-json\/wp\/v2\/posts"}],"about":[{"href":"https:\/\/vilamascote.com.br\/index.php\/wp-json\/wp\/v2\/types\/post"}],"author":[{"embeddable":true,"href":"https:\/\/vilamascote.com.br\/index.php\/wp-json\/wp\/v2\/users\/1"}],"replies":[{"embeddable":true,"href":"https:\/\/vilamascote.com.br\/index.php\/wp-json\/wp\/v2\/comments?post=3736"}],"version-history":[{"count":0,"href":"https:\/\/vilamascote.com.br\/index.php\/wp-json\/wp\/v2\/posts\/3736\/revisions"}],"wp:attachment":[{"href":"https:\/\/vilamascote.com.br\/index.php\/wp-json\/wp\/v2\/media?parent=3736"}],"wp:term":[{"taxonomy":"category","embeddable":true,"href":"https:\/\/vilamascote.com.br\/index.php\/wp-json\/wp\/v2\/categories?post=3736"},{"taxonomy":"post_tag","embeddable":true,"href":"https:\/\/vilamascote.com.br\/index.php\/wp-json\/wp\/v2\/tags?post=3736"}],"curies":[{"name":"wp","href":"https:\/\/api.w.org\/{rel}","templated":true}]}}