{"id":3730,"date":"2006-10-19T00:00:00","date_gmt":"2006-10-19T00:00:00","guid":{"rendered":"http:\/\/www.vibra-stop.com.br\/vm\/?p=3730"},"modified":"2006-10-19T00:00:00","modified_gmt":"2006-10-19T00:00:00","slug":"buraco-do-ozonio-bate-recorde-duplo-area-e-p","status":"publish","type":"post","link":"https:\/\/vilamascote.com.br\/index.php\/noticias\/diversas\/3730\/buraco-do-ozonio-bate-recorde-duplo-area-e-p","title":{"rendered":"Buraco do oz\u00f4nio bate recorde duplo: \u00e1rea e p"},"content":{"rendered":"<p>O buraco da camada de oz\u00f4nio sobre a Ant\u00e1rtida deste ano \u00e9 o maior de todos os tempos, tanto em \u00e1rea quanto em profundidade, afirmam cientistas dos Estados Unidos. O chamado &#8220;buraco&#8221; \u00e9 uma regi\u00e3o na qual h\u00e1 uma grave redu\u00e7\u00e3o da camada de oz\u00f4nio &#8211; uma forma de oxig\u00eanio &#8211; que, na alta atmosfera, protege a Terra dos raios ultravioleta do Sol. Em excesso, a radia\u00e7\u00e3o ultravioleta pode danificar tecidos vivos, e causar c\u00e2ncer de pele em seres humanos. <\/p>\n<p> Cientistas afirmam que gases produzidos pela atividade industrial humana, como os clorofluorcarbonos, danificam a camada, provocando o buraco. Por esse motivo, diversos produtos, como alguns gases usados como propelentes em latas de spray, foram proibidos nos \u00faltimos anos. <\/p>\n<p> &#8220;Entre 21 e 30 de setembro, a \u00e1rea m\u00e9dia do buraco do oz\u00f4nio foi a maior j\u00e1 observada, com 27,4 milh\u00f5es de quil\u00f4metros quadrados&#8221;, disse paul Newman, cientista do Centro de V\u00f4o Espacial Goddard, da Nasa. <\/p>\n<p> Al\u00e9m disso, medi\u00e7\u00f5es de sat\u00e9lite detectaram uma leitura de 85 Unidades Dobson de oz\u00f4nio em 8 de outubro. As Unidades Dobson dependem do n\u00famero de mol\u00e9culas de oz\u00f4nio sobre um determinado ponto do solo, e medem a espessura da camada. Considera-se que h\u00e1 um buraco de oz\u00f4nio se a leitura sobre uma \u00e1rea cair a menos de 220 unidades. Em uma camada cr\u00edtica de ar, entre 13 km e 21 km de altitude, a medi\u00e7\u00e3o em outubro foi de 1,2 unidade. <\/p>\n<p> &#8220;Esses n\u00fameros significam que o oz\u00f4nio virtualmente acabou nesta camada da atmosfera&#8221;, disse David Hofmann, da Administra\u00e7\u00e3o Nacional de Atmosfera e Oceano (NOAA). &#8220;A camada esvaziada tem uma extens\u00e3o vertical incomum neste ano, ent\u00e3o aprece que o buraco de oz\u00f4nio de 2006 ser\u00e1 um recordista&#8221;. <\/p>\n<p> O tamanho e a espessura do buraco na camada de oz\u00f4nio varia de ano para ano, aumentando conforme as temperaturas caem. Por conta de acordos internacionais que pro\u00edbem as subst\u00e2ncias nocivas ao oz\u00f4nio, pesquisadores estimam que a concentra\u00e7\u00e3o desses gases prejudiciais na atmosfera est\u00e1 caindo. Mas muitos t\u00eam uma longa vida no ar. <\/p>\n<p> Cientistas esperam uma recupera\u00e7\u00e3o lenta da camada, at\u00e9 2065. <img decoding=\"async\" src=\"http:\/\/www.estadao.com.br\/banco\/img\/livre\/2006\/10\/1392006101916525615160659main_OZONE_thinnest.jpg\" align=\"right\"\/><\/p>\n<p>Fonte: <a href=http:\/\/www.estadao.com.br\/ciencia\/noticias\/2006\/out\/19\/252.htm?RSS target=_blank>Estad\u00e3o<\/a><\/p>\n","protected":false},"excerpt":{"rendered":"<p>O buraco da camada de oz\u00f4nio sobre a Ant\u00e1rtida deste ano \u00e9 o maior de todos os tempos, tanto em \u00e1rea quanto em profundidade, afirmam cientistas dos Estados Unidos. O chamado &#8220;buraco&#8221; \u00e9 uma regi\u00e3o na qual h\u00e1 uma grave redu\u00e7\u00e3o da camada de oz\u00f4nio &#8211; uma forma de oxig\u00eanio &#8211; que, na alta atmosfera, &hellip;<\/p>\n","protected":false},"author":1,"featured_media":0,"comment_status":"open","ping_status":"open","sticky":false,"template":"","format":"standard","meta":{"footnotes":""},"categories":[24],"tags":[],"class_list":["post-3730","post","type-post","status-publish","format-standard","","category-diversas"],"_links":{"self":[{"href":"https:\/\/vilamascote.com.br\/index.php\/wp-json\/wp\/v2\/posts\/3730","targetHints":{"allow":["GET"]}}],"collection":[{"href":"https:\/\/vilamascote.com.br\/index.php\/wp-json\/wp\/v2\/posts"}],"about":[{"href":"https:\/\/vilamascote.com.br\/index.php\/wp-json\/wp\/v2\/types\/post"}],"author":[{"embeddable":true,"href":"https:\/\/vilamascote.com.br\/index.php\/wp-json\/wp\/v2\/users\/1"}],"replies":[{"embeddable":true,"href":"https:\/\/vilamascote.com.br\/index.php\/wp-json\/wp\/v2\/comments?post=3730"}],"version-history":[{"count":0,"href":"https:\/\/vilamascote.com.br\/index.php\/wp-json\/wp\/v2\/posts\/3730\/revisions"}],"wp:attachment":[{"href":"https:\/\/vilamascote.com.br\/index.php\/wp-json\/wp\/v2\/media?parent=3730"}],"wp:term":[{"taxonomy":"category","embeddable":true,"href":"https:\/\/vilamascote.com.br\/index.php\/wp-json\/wp\/v2\/categories?post=3730"},{"taxonomy":"post_tag","embeddable":true,"href":"https:\/\/vilamascote.com.br\/index.php\/wp-json\/wp\/v2\/tags?post=3730"}],"curies":[{"name":"wp","href":"https:\/\/api.w.org\/{rel}","templated":true}]}}