{"id":3707,"date":"2006-08-11T00:00:00","date_gmt":"2006-08-11T00:00:00","guid":{"rendered":"http:\/\/www.vibra-stop.com.br\/vm\/?p=3707"},"modified":"2006-08-11T00:00:00","modified_gmt":"2006-08-11T00:00:00","slug":"xvi-festa-das-nacoes","status":"publish","type":"post","link":"https:\/\/vilamascote.com.br\/index.php\/noticias\/diversas\/3707\/xvi-festa-das-nacoes","title":{"rendered":"XVI Festa das Na\u00e7\u00f5es"},"content":{"rendered":"<p>Programa\u00e7\u00e3o da XVI Festa das Na\u00e7\u00f5es, da Par\u00f3quia Sant`Ana: <\/p>\n<p> S\u00e1bado (27 de agosto) <\/p>\n<p> 14:00 &#8211; Abertura com a B\u00ean\u00e7\u00e3o das Barracas<br \/> 15:00 &#8211; Col\u00e9gio Madre Alix<br \/> 17:00 &#8211; Grupo de Dan\u00e7as Alem\u00e3s Edelweiss<br \/> 18:00 &#8211; Dan\u00e7a Cigana<br \/> 19:00 &#8211; Cia de Dan\u00e7a de Sal\u00e3o<br \/> 20:00 &#8211; Col\u00e9gio Emilie de Villeneuve<br \/> 20:30 &#8211; Dance Club Tango<br \/> 21:00 &#8211; Grupo Folcl\u00f3rico La Bella It\u00e1lia <\/p>\n<p> Domingo (28 de agosto) <\/p>\n<p> 12:00 &#8211; Almo\u00e7o Italiano<br \/> 13:00 &#8211; Catequese &#8211; Par\u00f3quia Sant`Ana<br \/> 13:30 &#8211; Col\u00e9gio Porto Seguro<br \/> 14:00 &#8211; Col\u00e9gio Marajoara<br \/> 16:00 &#8211; Grupo Corpo e Dan\u00e7a<br \/> 17:00 &#8211; Dan\u00e7a Arouquense<br \/> 18:00 &#8211; Missa Solene<br \/> 19:30 &#8211; Laquific\u00f4 Companhia de Teatro<br \/> 20:00 &#8211; Coral da Par\u00f3quia Sant`Ana<\/p>\n<p> Barracas de 16 Pa\u00edses com com\u00eddas t\u00edpicas, brincadeiras e artigos diversos<\/p>\n<p> N\u00e3o deixe de participar dessa grande festa e traga a sua fam\u00edlia.<\/p>\n<p> Rua Regina Badra, 282 &#8211; Alto da Boa Vista<br \/> (trav. da Rua Marechal Deodoro)<br \/> Maiores informa\u00e7\u00f5es pelo fone: 5521-6526<\/p>\n<p>Fonte: <a href=# target=_blank>Par\u00f3quia Sant`Ana<\/a><\/p>\n","protected":false},"excerpt":{"rendered":"<p>Programa\u00e7\u00e3o da XVI Festa das Na\u00e7\u00f5es, da Par\u00f3quia Sant`Ana: S\u00e1bado (27 de agosto) 14:00 &#8211; Abertura com a B\u00ean\u00e7\u00e3o das Barracas 15:00 &#8211; Col\u00e9gio Madre Alix 17:00 &#8211; Grupo de Dan\u00e7as Alem\u00e3s Edelweiss 18:00 &#8211; Dan\u00e7a Cigana 19:00 &#8211; Cia de Dan\u00e7a de Sal\u00e3o 20:00 &#8211; Col\u00e9gio Emilie de Villeneuve 20:30 &#8211; Dance Club Tango &hellip;<\/p>\n","protected":false},"author":1,"featured_media":0,"comment_status":"open","ping_status":"open","sticky":false,"template":"","format":"standard","meta":{"footnotes":""},"categories":[24],"tags":[],"class_list":["post-3707","post","type-post","status-publish","format-standard","","category-diversas"],"_links":{"self":[{"href":"https:\/\/vilamascote.com.br\/index.php\/wp-json\/wp\/v2\/posts\/3707","targetHints":{"allow":["GET"]}}],"collection":[{"href":"https:\/\/vilamascote.com.br\/index.php\/wp-json\/wp\/v2\/posts"}],"about":[{"href":"https:\/\/vilamascote.com.br\/index.php\/wp-json\/wp\/v2\/types\/post"}],"author":[{"embeddable":true,"href":"https:\/\/vilamascote.com.br\/index.php\/wp-json\/wp\/v2\/users\/1"}],"replies":[{"embeddable":true,"href":"https:\/\/vilamascote.com.br\/index.php\/wp-json\/wp\/v2\/comments?post=3707"}],"version-history":[{"count":0,"href":"https:\/\/vilamascote.com.br\/index.php\/wp-json\/wp\/v2\/posts\/3707\/revisions"}],"wp:attachment":[{"href":"https:\/\/vilamascote.com.br\/index.php\/wp-json\/wp\/v2\/media?parent=3707"}],"wp:term":[{"taxonomy":"category","embeddable":true,"href":"https:\/\/vilamascote.com.br\/index.php\/wp-json\/wp\/v2\/categories?post=3707"},{"taxonomy":"post_tag","embeddable":true,"href":"https:\/\/vilamascote.com.br\/index.php\/wp-json\/wp\/v2\/tags?post=3707"}],"curies":[{"name":"wp","href":"https:\/\/api.w.org\/{rel}","templated":true}]}}