{"id":3703,"date":"2006-08-05T00:00:00","date_gmt":"2006-08-05T00:00:00","guid":{"rendered":"http:\/\/www.vibra-stop.com.br\/vm\/?p=3703"},"modified":"2006-08-05T00:00:00","modified_gmt":"2006-08-05T00:00:00","slug":"problemas-de-iluminacao-publica","status":"publish","type":"post","link":"https:\/\/vilamascote.com.br\/index.php\/noticias\/subprefeitura-jabaquara\/3703\/problemas-de-iluminacao-publica","title":{"rendered":"Problemas de ilumina\u00e7\u00e3o p\u00fablica"},"content":{"rendered":"<p>A regi\u00e3o do Jabaquara, assim como outras \u00e1reas da cidade, sofre com a falta de ilumina\u00e7\u00e3o p\u00fablica em logradouros. <\/p>\n<p> Segundo a ILUME, \u00f3rg\u00e3o da Prefeitura respons\u00e1vel pelo servi\u00e7o de ilumina\u00e7\u00e3o p\u00fablica, 80% desse tipo de ocorr\u00eancia acontece devido ao furto de cabos de energia, que cresceu muito nos \u00faltimos meses na cidade de S\u00e3o Paulo. <br \/><brb> Uma das formas de inibir a a\u00e7\u00e3o dos criminosos \u00e9 a den\u00fancia por parte da popula\u00e7\u00e3o ao observar movimentos suspeitos na &#8220;manuten\u00e7\u00e3o&#8221; ou mesmo quendo perceber que os cabos est\u00e3o sendo furtados. O mun\u00edcipe deve ligar para 190 ou para a Delegacia de Pol\u00edcia mais pr\u00f3xima de sua resid\u00eancia. <\/p>\n<p> O subprefeito do Jabaquara, C\u00e1ssio Freire Loschiavo,  enviou of\u00edcio para as Delegacias de Pol\u00edcia, Companhias dos Batalh\u00f5es Militares e Guarda Civil Metropolitana solicitando a colabora\u00e7\u00e3o de tais \u00f3rg\u00e3os de seguran\u00e7a no combate a este tipo de problema, bem como solicitar a ajuda da popula\u00e7\u00e3o para inibir a a\u00e7\u00e3o de tais malfeitores na Subprefeitura do Jabaquara.<\/p>\n<p>Fonte: <a href=# target=_blank>Subprefeitura Jabaquara<\/a><br \/>\n<\/brb><\/p>\n","protected":false},"excerpt":{"rendered":"<p>A regi\u00e3o do Jabaquara, assim como outras \u00e1reas da cidade, sofre com a falta de ilumina\u00e7\u00e3o p\u00fablica em logradouros. Segundo a ILUME, \u00f3rg\u00e3o da Prefeitura respons\u00e1vel pelo servi\u00e7o de ilumina\u00e7\u00e3o p\u00fablica, 80% desse tipo de ocorr\u00eancia acontece devido ao furto de cabos de energia, que cresceu muito nos \u00faltimos meses na cidade de S\u00e3o Paulo. &hellip;<\/p>\n","protected":false},"author":1,"featured_media":0,"comment_status":"open","ping_status":"open","sticky":false,"template":"","format":"standard","meta":{"footnotes":""},"categories":[21],"tags":[],"class_list":["post-3703","post","type-post","status-publish","format-standard","","category-subprefeitura-jabaquara"],"_links":{"self":[{"href":"https:\/\/vilamascote.com.br\/index.php\/wp-json\/wp\/v2\/posts\/3703","targetHints":{"allow":["GET"]}}],"collection":[{"href":"https:\/\/vilamascote.com.br\/index.php\/wp-json\/wp\/v2\/posts"}],"about":[{"href":"https:\/\/vilamascote.com.br\/index.php\/wp-json\/wp\/v2\/types\/post"}],"author":[{"embeddable":true,"href":"https:\/\/vilamascote.com.br\/index.php\/wp-json\/wp\/v2\/users\/1"}],"replies":[{"embeddable":true,"href":"https:\/\/vilamascote.com.br\/index.php\/wp-json\/wp\/v2\/comments?post=3703"}],"version-history":[{"count":0,"href":"https:\/\/vilamascote.com.br\/index.php\/wp-json\/wp\/v2\/posts\/3703\/revisions"}],"wp:attachment":[{"href":"https:\/\/vilamascote.com.br\/index.php\/wp-json\/wp\/v2\/media?parent=3703"}],"wp:term":[{"taxonomy":"category","embeddable":true,"href":"https:\/\/vilamascote.com.br\/index.php\/wp-json\/wp\/v2\/categories?post=3703"},{"taxonomy":"post_tag","embeddable":true,"href":"https:\/\/vilamascote.com.br\/index.php\/wp-json\/wp\/v2\/tags?post=3703"}],"curies":[{"name":"wp","href":"https:\/\/api.w.org\/{rel}","templated":true}]}}