{"id":3671,"date":"2006-03-30T00:00:00","date_gmt":"2006-03-30T00:00:00","guid":{"rendered":"http:\/\/www.vibra-stop.com.br\/vm\/?p=3671"},"modified":"2006-03-30T00:00:00","modified_gmt":"2006-03-30T00:00:00","slug":"padre-marcelo-lanca-novo-site-nesta-sexta","status":"publish","type":"post","link":"https:\/\/vilamascote.com.br\/index.php\/noticias\/diversas\/3671\/padre-marcelo-lanca-novo-site-nesta-sexta","title":{"rendered":"Padre Marcelo lan\u00e7a novo site nesta sexta"},"content":{"rendered":"<p>O novo site de um dos  padres mais famosos do Pa\u00eds n\u00e3o ter\u00e1 apenas conte\u00fado religioso, mas tamb\u00e9m informa\u00e7\u00f5es para ajudar o leitor no dia-a-dia, oferecendo ajuda de ordem espiritual al\u00e9m de servi\u00e7os pr\u00e1ticos. <\/p>\n<p> Antes da entrada oficial do novo site, padre Marcelo participar\u00e1 de um v\u00eddeo-chat \u00e0s 19h desta sexta-feira e responder\u00e1 perguntas dos internautas. <\/p>\n<p> Ordenado desde dezembro de 1994, padre Marcelo Rossi come\u00e7ou a pregar com tanto entusiasmo que, aos poucos, conquistou os fi\u00e9is que assistiam a suas missas na Par\u00f3quia Perp\u00e9tuo Socorro e Santa Ros\u00e1lia na Vila Mascote, S\u00e3o Paulo. <\/p>\n<p> O espa\u00e7o ficou pequeno e as celebra\u00e7\u00f5es passaram a ser realizadas no Gonzag\u00e3o, e posteriormente no Santu\u00e1rio Ter\u00e7o Bizantino. <\/p>\n<p> Desde ent\u00e3o o Padre Marcelo \u00e9 um dos expoentes do Movimento Cat\u00f3lico no Brasil, com um programa di\u00e1rio na R\u00e1dio Globo, programas di\u00e1rios e missa semanal na Rede Vida de Televis\u00e3o e uma missa semanal na TV Globo.<\/p>\n<p>Fonte: <a href=http:\/\/www.padremarcelo.com.br\/ target=_blank>Padre Marcelo<\/a> Ter barriga pode ser sinal de &#8220;Stress&#8221;!<\/p>\n","protected":false},"excerpt":{"rendered":"<p>O novo site de um dos padres mais famosos do Pa\u00eds n\u00e3o ter\u00e1 apenas conte\u00fado religioso, mas tamb\u00e9m informa\u00e7\u00f5es para ajudar o leitor no dia-a-dia, oferecendo ajuda de ordem espiritual al\u00e9m de servi\u00e7os pr\u00e1ticos. Antes da entrada oficial do novo site, padre Marcelo participar\u00e1 de um v\u00eddeo-chat \u00e0s 19h desta sexta-feira e responder\u00e1 perguntas dos &hellip;<\/p>\n","protected":false},"author":1,"featured_media":0,"comment_status":"open","ping_status":"open","sticky":false,"template":"","format":"standard","meta":{"footnotes":""},"categories":[24],"tags":[],"class_list":["post-3671","post","type-post","status-publish","format-standard","","category-diversas"],"_links":{"self":[{"href":"https:\/\/vilamascote.com.br\/index.php\/wp-json\/wp\/v2\/posts\/3671","targetHints":{"allow":["GET"]}}],"collection":[{"href":"https:\/\/vilamascote.com.br\/index.php\/wp-json\/wp\/v2\/posts"}],"about":[{"href":"https:\/\/vilamascote.com.br\/index.php\/wp-json\/wp\/v2\/types\/post"}],"author":[{"embeddable":true,"href":"https:\/\/vilamascote.com.br\/index.php\/wp-json\/wp\/v2\/users\/1"}],"replies":[{"embeddable":true,"href":"https:\/\/vilamascote.com.br\/index.php\/wp-json\/wp\/v2\/comments?post=3671"}],"version-history":[{"count":0,"href":"https:\/\/vilamascote.com.br\/index.php\/wp-json\/wp\/v2\/posts\/3671\/revisions"}],"wp:attachment":[{"href":"https:\/\/vilamascote.com.br\/index.php\/wp-json\/wp\/v2\/media?parent=3671"}],"wp:term":[{"taxonomy":"category","embeddable":true,"href":"https:\/\/vilamascote.com.br\/index.php\/wp-json\/wp\/v2\/categories?post=3671"},{"taxonomy":"post_tag","embeddable":true,"href":"https:\/\/vilamascote.com.br\/index.php\/wp-json\/wp\/v2\/tags?post=3671"}],"curies":[{"name":"wp","href":"https:\/\/api.w.org\/{rel}","templated":true}]}}