{"id":3662,"date":"2006-02-21T00:00:00","date_gmt":"2006-02-21T00:00:00","guid":{"rendered":"http:\/\/www.vibra-stop.com.br\/vm\/?p=3662"},"modified":"2006-02-21T00:00:00","modified_gmt":"2006-02-21T00:00:00","slug":"jabaquara-recebe-casa-do-adolescente","status":"publish","type":"post","link":"https:\/\/vilamascote.com.br\/index.php\/noticias\/subprefeitura-jabaquara\/3662\/jabaquara-recebe-casa-do-adolescente","title":{"rendered":"Jabaquara recebe Casa do Adolescente"},"content":{"rendered":"<p>A Subprefeitura Jabaquara, Secretaria Estadual de Assist\u00eancia e Desenvolvimento Social, Secretaria de Estado da Sa\u00fade e a Secretaria Municipal de Sa\u00fade inauguraram em 22 de fevereiro mais uma op\u00e7\u00e3o de atendimento aos jovens do Jabaquara. Foi entregue a Casa do Adolescente do Jabaquara, no Parque Estadual Fontes do Ipiranga. <\/p>\n<p> Mais do que um espa\u00e7o f\u00edsico com atividades voltadas para os jovens, a Casa do Adolescente \u00e9 um projeto que visa implementar pol\u00edticas p\u00fablicas na \u00e1rea da sa\u00fade e assist\u00eancia social, com atendimento gratuito que orienta os jovens e permite acesso aos seus direitos de cidad\u00e3os. <\/p>\n<p> O Jabaquara foi escolhido para abrigar a sexta unidade do projeto por possuir 37 mil jovens de 10 a 19 anos e 7,48% dos beb\u00eas nascidos vivos t\u00eam m\u00e3es entre 14 e 17 anos. <\/p>\n<p> M\u00e9dicos, dentistas, fonoaudi\u00f3logos, assistentes sociais, enfermeiros, psic\u00f3logos e professores, todos especializados em orienta\u00e7\u00e3o sexual, cuidam da sa\u00fade dos jovens. Tamb\u00e9m est\u00e3o dispon\u00edveis diversos cursos e atividades j\u00e1 oferecidos no Parque das Fontes do Ipiranga, que fica em uma reserva de mata atl\u00e2ntica com 167 mil m\u00b2. <\/p>\n<p> O trabalho realizado pelas Casas do Adolescente mostra resultados, com redu\u00e7\u00e3o de 28% dos casos de jovens gr\u00e1vidas. Em 1998, quando o trabalho teve in\u00edcio,eram 148.019 casos de gravidez em mulheres com menos de 20 anos. Em 2004, o n\u00famero foi reduzido para 106.737. <\/p>\n<p> Um dos motivos do sucesso \u00e9 a parceria entre Governo Estadual, Municipal e entidades sociais. A Secretaria Estadual de Assist\u00eancia e Desenvolvimento Social cede o espa\u00e7o, educadores e equipe administrativa; a Secretaria Municipal de Sa\u00fade fornece equipamentos m\u00e9dicos hospitalares, profissionais de sa\u00fade e encaminha os adolescentes das Unidades B\u00e1sicas de Sa\u00fade e a Secretaria de Estado da Sa\u00fade capacita os funcion\u00e1rios e fornece os medicamentos do Dose Certa. <\/p>\n<p> Atividades dispon\u00edveis no Parque das Fontes do Ipiranga <\/p>\n<p> Atividades Esportivas: <\/p>\n<p>  Futebol, Handebol, V\u00f4lei,  Basquete, Skate, T\u00eanis,  Futsal, Capoeira,Atletismo,  Fitness, Nata\u00e7\u00e3o,Caminhada e  Muscula\u00e7\u00e3o. <\/p>\n<p> Parcerias:<br \/> Instituto Mam\u00e3e <br \/> Sem restri\u00e7\u00e3o de idade <\/p>\n<p> Atividades Culturais: <\/p>\n<p>  M\u00fasica, banda, canto,  coral, dan\u00e7a de sal\u00e3o,  desenho art\u00edstico, Ballet  express\u00e3o corporal,  cavaquinho\/percuss\u00e3o\/ viol\u00e3o,  brinquedoteca, artes pl\u00e1sticas e  artes c\u00eanicas. <\/p>\n<p> Parcerias: <br \/> AEB, Ballet Stagium, Projeto Guri e Instituto Mam\u00e3e. <br \/> Idades: <br \/> Ballet : 7 a 16 anos<br \/> Cavaquinho\/ viol\u00e3o\/ Percuss\u00e3o: 8 a 18 anos<br \/> Demais modalidades: sem restri\u00e7\u00e3o de idade <\/p>\n<p> Cursos Profissionalizantes e Gera\u00e7\u00e3o de Renda: <\/p>\n<p> Panifica\u00e7\u00e3o e confeitaria, artesanato,  culin\u00e1ria, educa\u00e7\u00e3o alimentar, est\u00e9tica (depila\u00e7\u00e3o), cabeleireiro, manicura, inform\u00e1tica, telemarketing e fotografia. <\/p>\n<p> Parcerias:<br \/> Instituto Mam\u00e3e, AEB, SENAC e Centro Paula Souza. <\/p>\n<p> Sem restri\u00e7\u00e3o de idade <\/p>\n<p> Documentos:<br \/> RG, Carteira de trabalho e outros <\/p>\n<p> Parceria:<br \/> CIC &#8211; Centro de Informa\u00e7\u00e3o ao Cidad\u00e3o <\/p>\n<p> Hor\u00e1rios: <\/p>\n<p> As atividades programadas acontecem de 2\u00aa a 6\u00aa feira no hor\u00e1rio das 8:00 \u00e0s 17:00, mas o Centro \u00e9 aberto ao lazer e \u00e0s atividades esportivas inclusive \u00e0s noites e finais de semana. <\/p>\n<p>                                    Maiores informa\u00e7\u00f5es pelo tel.: 5588- 4797.<\/p>\n<p>Fonte: <a href=http:\/\/portal.prefeitura.sp.gov.br\/subprefeituras\/spja target=_blank>Subprefeitura Jabaquara<\/a><\/p>\n","protected":false},"excerpt":{"rendered":"<p>A Subprefeitura Jabaquara, Secretaria Estadual de Assist\u00eancia e Desenvolvimento Social, Secretaria de Estado da Sa\u00fade e a Secretaria Municipal de Sa\u00fade inauguraram em 22 de fevereiro mais uma op\u00e7\u00e3o de atendimento aos jovens do Jabaquara. Foi entregue a Casa do Adolescente do Jabaquara, no Parque Estadual Fontes do Ipiranga. Mais do que um espa\u00e7o f\u00edsico &hellip;<\/p>\n","protected":false},"author":1,"featured_media":0,"comment_status":"open","ping_status":"open","sticky":false,"template":"","format":"standard","meta":{"footnotes":""},"categories":[21],"tags":[],"class_list":["post-3662","post","type-post","status-publish","format-standard","","category-subprefeitura-jabaquara"],"_links":{"self":[{"href":"https:\/\/vilamascote.com.br\/index.php\/wp-json\/wp\/v2\/posts\/3662","targetHints":{"allow":["GET"]}}],"collection":[{"href":"https:\/\/vilamascote.com.br\/index.php\/wp-json\/wp\/v2\/posts"}],"about":[{"href":"https:\/\/vilamascote.com.br\/index.php\/wp-json\/wp\/v2\/types\/post"}],"author":[{"embeddable":true,"href":"https:\/\/vilamascote.com.br\/index.php\/wp-json\/wp\/v2\/users\/1"}],"replies":[{"embeddable":true,"href":"https:\/\/vilamascote.com.br\/index.php\/wp-json\/wp\/v2\/comments?post=3662"}],"version-history":[{"count":0,"href":"https:\/\/vilamascote.com.br\/index.php\/wp-json\/wp\/v2\/posts\/3662\/revisions"}],"wp:attachment":[{"href":"https:\/\/vilamascote.com.br\/index.php\/wp-json\/wp\/v2\/media?parent=3662"}],"wp:term":[{"taxonomy":"category","embeddable":true,"href":"https:\/\/vilamascote.com.br\/index.php\/wp-json\/wp\/v2\/categories?post=3662"},{"taxonomy":"post_tag","embeddable":true,"href":"https:\/\/vilamascote.com.br\/index.php\/wp-json\/wp\/v2\/tags?post=3662"}],"curies":[{"name":"wp","href":"https:\/\/api.w.org\/{rel}","templated":true}]}}