{"id":3154,"date":"2006-12-06T00:00:00","date_gmt":"2006-12-06T00:00:00","guid":{"rendered":"http:\/\/www.vibra-stop.com.br\/vm\/?p=3154"},"modified":"2006-12-06T00:00:00","modified_gmt":"2006-12-06T00:00:00","slug":"asterix-e-os-vikings","status":"publish","type":"post","link":"https:\/\/vilamascote.com.br\/index.php\/dvd-bluray\/3154\/asterix-e-os-vikings","title":{"rendered":"Asterix e os Vikings"},"content":{"rendered":"<p><a href=\"\/vm\/wp-content\/uploads\/2009\/09\/asterix.jpg\"><img decoding=\"async\" class=\"alignleft size-full wp-image-1501\" style=\"margin: 2px 10px;\" title=\"DVD\" src=\"\/vm\/wp-content\/uploads\/2009\/09\/asterix.jpg\" alt=\"dvd\" height=\"300\" \/><\/a>A anima\u00e7\u00e3o dos cultuados personagens dos quadrinhos franceses chega em DVD oferecendo ao espectador a possibilidade de n\u00e3o asistir \u00e0 produ\u00e7\u00e3o dublada em portugu\u00eas pelos integrantes do programa P\u00e2nico Na TV, o aspecto do filme mais criticado pelos brasileiros. Na hist\u00f3ria, Asterix e seu insepar\u00e1vel amigo Obelix recebem a miss\u00e3o de treinar seu sobrinho adolescente Calhambix , transformando o medroso garoto num grande guerreiro. A distribuidora tamb\u00e9m promete o lan\u00e7amento em DVD de cinco aventuras animadas protagonizada pelos gauleses.<\/p>\n<p>Dire\u00e7\u00e3o: Stefan Fjeldmark, Jesper M\u00f8ller<br \/>Elenco: Vozes na vers\u00e3o original de: Roger Carel, Lor\u00e0nt Deutsch, Sara Forestier, Jacques Frantz, Pierre Palmade, Pierre Tchernia. Vozes na vers\u00e3o dublada de: Rep\u00f3rter Vesgo, Cear\u00e1, Mendigo, Sabrina Sato.<br \/>Informa\u00e7\u00f5es T\u00e9cnicas:<br \/>&#8211; \u00c1udio: Ingl\u00eas, Franc\u00eas e Portugu\u00eas Dolby Digital 5.1 e 2.0<br \/>&#8211; Legendas: Ingl\u00eas, Franc\u00eas e Portugu\u00eas<br \/>&#8211; Formato da Tela: Fullscreen<br \/>Extras:<br \/>&#8211; An\u00fancio Do Filme<br \/>&#8211; Noitada na Vila<br \/>&#8211; Teaser<br \/>&#8211; Making Of<\/p>\n","protected":false},"excerpt":{"rendered":"<p>A anima\u00e7\u00e3o dos cultuados personagens dos quadrinhos franceses chega em DVD oferecendo ao espectador a possibilidade de n\u00e3o asistir \u00e0 produ\u00e7\u00e3o dublada em portugu\u00eas pelos integrantes do programa P\u00e2nico Na TV, o aspecto do filme mais criticado pelos brasileiros. Na hist\u00f3ria, Asterix e seu insepar\u00e1vel amigo Obelix recebem a miss\u00e3o de treinar seu sobrinho adolescente &hellip;<\/p>\n","protected":false},"author":1,"featured_media":0,"comment_status":"open","ping_status":"open","sticky":false,"template":"","format":"standard","meta":{"footnotes":""},"categories":[12],"tags":[],"class_list":["post-3154","post","type-post","status-publish","format-standard","","category-dvd-bluray"],"_links":{"self":[{"href":"https:\/\/vilamascote.com.br\/index.php\/wp-json\/wp\/v2\/posts\/3154","targetHints":{"allow":["GET"]}}],"collection":[{"href":"https:\/\/vilamascote.com.br\/index.php\/wp-json\/wp\/v2\/posts"}],"about":[{"href":"https:\/\/vilamascote.com.br\/index.php\/wp-json\/wp\/v2\/types\/post"}],"author":[{"embeddable":true,"href":"https:\/\/vilamascote.com.br\/index.php\/wp-json\/wp\/v2\/users\/1"}],"replies":[{"embeddable":true,"href":"https:\/\/vilamascote.com.br\/index.php\/wp-json\/wp\/v2\/comments?post=3154"}],"version-history":[{"count":0,"href":"https:\/\/vilamascote.com.br\/index.php\/wp-json\/wp\/v2\/posts\/3154\/revisions"}],"wp:attachment":[{"href":"https:\/\/vilamascote.com.br\/index.php\/wp-json\/wp\/v2\/media?parent=3154"}],"wp:term":[{"taxonomy":"category","embeddable":true,"href":"https:\/\/vilamascote.com.br\/index.php\/wp-json\/wp\/v2\/categories?post=3154"},{"taxonomy":"post_tag","embeddable":true,"href":"https:\/\/vilamascote.com.br\/index.php\/wp-json\/wp\/v2\/tags?post=3154"}],"curies":[{"name":"wp","href":"https:\/\/api.w.org\/{rel}","templated":true}]}}