{"id":3101,"date":"2009-01-07T00:00:00","date_gmt":"2009-01-07T03:00:00","guid":{"rendered":"http:\/\/www.vibra-stop.com.br\/vm\/?p=3101"},"modified":"2009-11-25T09:42:55","modified_gmt":"2009-11-25T12:42:55","slug":"zohan-o-agente-bom-de-corte","status":"publish","type":"post","link":"https:\/\/vilamascote.com.br\/index.php\/dvd-bluray\/3101\/zohan-o-agente-bom-de-corte","title":{"rendered":"DVD &#8211; Zohan &#8211; O Agente Bom de Corte"},"content":{"rendered":"<p><a href=\"\/vm\/wp-content\/uploads\/2009\/09\/zohan.jpg\"><img decoding=\"async\" class=\"alignleft size-full wp-image-1501\" style=\"margin: 2px 10px;\" title=\"DVD\" src=\"\/vm\/wp-content\/uploads\/2009\/09\/zohan.jpg\" alt=\"dvd\" height=\"300\" \/><\/a>Zohan Dvir (Adam Sandler) \u00e9 um agente secreto da Mossad, ag\u00eancia de Israel, que forja sua pr\u00f3pria morte. A inten\u00e7\u00e3o \u00e9 poder ressurgir sob nova identidade &#8211; Emmanuelle Chriqui &#8211; e com um novo trabalho: um famoso cabeleireiro em Nova York que atende a personalidades, como a cantora Mariah Carey.<br \/>Dire\u00e7\u00e3o: Dennis Dugan<br \/>Elenco: Adam Sandler, Emmanuelle Chriqui, Rob Schneider, Henry Winkler, Mariah Carey, John Farley, Shelley Berman, Barry Livingston.<br \/>Informa\u00e7\u00f5es T\u00e9cnicas:<br \/>&#8211; \u00c1udio: Portugu\u00eas e Ingl\u00eas (5.1)<br \/>&#8211; Legendas: Portugu\u00eas e Ingl\u00eas<br \/>&#8211; Formato de Tela: Widescreen Anam\u00f3rfico<br \/>Extras:<br \/>&#8211; Coment\u00e1rios de Adam Sandler, Robert Smigel, Rob Schnieder e Nick Swardson<br \/>&#8211; Especiais<br \/>&#8211; Cenas Exclu\u00eddas<br \/>&#8211; Sele\u00e7\u00e3o de Cenas<br \/>&#8211; Trailers (sem legendas)<\/p>\n","protected":false},"excerpt":{"rendered":"<p>Zohan Dvir (Adam Sandler) \u00e9 um agente secreto da Mossad, ag\u00eancia de Israel, que forja sua pr\u00f3pria morte. A inten\u00e7\u00e3o \u00e9 poder ressurgir sob nova identidade &#8211; Emmanuelle Chriqui &#8211; e com um novo trabalho: um famoso cabeleireiro em Nova York que atende a personalidades, como a cantora Mariah Carey.Dire\u00e7\u00e3o: Dennis DuganElenco: Adam Sandler, Emmanuelle &hellip;<\/p>\n","protected":false},"author":1,"featured_media":0,"comment_status":"open","ping_status":"open","sticky":false,"template":"","format":"standard","meta":{"footnotes":""},"categories":[12],"tags":[],"class_list":["post-3101","post","type-post","status-publish","format-standard","","category-dvd-bluray"],"_links":{"self":[{"href":"https:\/\/vilamascote.com.br\/index.php\/wp-json\/wp\/v2\/posts\/3101","targetHints":{"allow":["GET"]}}],"collection":[{"href":"https:\/\/vilamascote.com.br\/index.php\/wp-json\/wp\/v2\/posts"}],"about":[{"href":"https:\/\/vilamascote.com.br\/index.php\/wp-json\/wp\/v2\/types\/post"}],"author":[{"embeddable":true,"href":"https:\/\/vilamascote.com.br\/index.php\/wp-json\/wp\/v2\/users\/1"}],"replies":[{"embeddable":true,"href":"https:\/\/vilamascote.com.br\/index.php\/wp-json\/wp\/v2\/comments?post=3101"}],"version-history":[{"count":1,"href":"https:\/\/vilamascote.com.br\/index.php\/wp-json\/wp\/v2\/posts\/3101\/revisions"}],"predecessor-version":[{"id":4260,"href":"https:\/\/vilamascote.com.br\/index.php\/wp-json\/wp\/v2\/posts\/3101\/revisions\/4260"}],"wp:attachment":[{"href":"https:\/\/vilamascote.com.br\/index.php\/wp-json\/wp\/v2\/media?parent=3101"}],"wp:term":[{"taxonomy":"category","embeddable":true,"href":"https:\/\/vilamascote.com.br\/index.php\/wp-json\/wp\/v2\/categories?post=3101"},{"taxonomy":"post_tag","embeddable":true,"href":"https:\/\/vilamascote.com.br\/index.php\/wp-json\/wp\/v2\/tags?post=3101"}],"curies":[{"name":"wp","href":"https:\/\/api.w.org\/{rel}","templated":true}]}}