{"id":3079,"date":"2008-09-10T00:00:00","date_gmt":"2008-09-10T00:00:00","guid":{"rendered":"http:\/\/www.vibra-stop.com.br\/vm\/?p=3079"},"modified":"2008-09-10T00:00:00","modified_gmt":"2008-09-10T00:00:00","slug":"a-casa-de-alice","status":"publish","type":"post","link":"https:\/\/vilamascote.com.br\/index.php\/dvd-bluray\/3079\/a-casa-de-alice","title":{"rendered":"A Casa de Alice"},"content":{"rendered":"<p><a href=\"\/vm\/wp-content\/uploads\/2009\/09\/acasadealice.jpg\"><img decoding=\"async\" class=\"alignleft size-full wp-image-1501\" style=\"margin: 2px 10px;\" title=\"DVD\" src=\"\/vm\/wp-content\/uploads\/2009\/09\/acasadealice.jpg\" alt=\"dvd\" height=\"300\" \/><\/a>Laureado por pr\u00eamios em festivais ao redor do Brasil e do mundo, o filme conta a hist\u00f3ria da Alice (a excelente Carla Ribas) do t\u00edtulo, uma m\u00e3e de fam\u00edlia como tantas outras. Manicure, \u00e9 casada com um taxista, com quem tem tr\u00eas jovens filhos. Eles moram num apartamento com a av\u00f3, respons\u00e1vel pelos afazeres dom\u00e9sticos. Aos poucos, acompanhamos por meio dos olhos da av\u00f3 como esta fam\u00edlia desmorona em meio a pequenas trag\u00e9dias pessoais. Pelo extremo realismo e a composi\u00e7\u00e3o dos personagens, feita de forma profunda e honesta, o drama envolve de forma seca e sincera o espectador.<br \/>Dire\u00e7\u00e3o: Chico Teixeira<br \/>Elenco: Carla Ribas, Berta Zemel, Vinicius Zinn, Ricardo Vila\u00e7a, Z\u00e9 Carlos Machado, Felipe Massuia,<br \/>Informa\u00e7\u00f5es T\u00e9cnicas:<br \/>&#8211; \u00c1udio: Portugu\u00eas (2.0)<br \/>&#8211; Legendas: Ingl\u00eas, portugu\u00eas, espanhol e franc\u00eas<br \/>&#8211; Formato de tela: 4:3 Letterbox<br \/>Extras:<br \/>&#8211; Trailer<br \/>&#8211; Pr\u00f3ximos lan\u00e7amentos<br \/>&#8211; Making of<br \/>&#8211; Entrevista com Chico Teixeira e Carla Ribas <br \/><object width=\"425\" height=\"344\"><param name=\"movie\" value=\"http:\/\/www.youtube.com\/v\/hAmd1aQBOxo&#038;hl=en&#038;fs=1\"><\/param><param name=\"allowFullScreen\" value=\"true\"><\/param><embed src=\"http:\/\/www.youtube.com\/v\/hAmd1aQBOxo&#038;hl=en&#038;fs=1\" type=\"application\/x-shockwave-flash\" allowfullscreen=\"true\" width=\"425\" height=\"344\"><\/embed><\/object><\/p>\n","protected":false},"excerpt":{"rendered":"<p>Laureado por pr\u00eamios em festivais ao redor do Brasil e do mundo, o filme conta a hist\u00f3ria da Alice (a excelente Carla Ribas) do t\u00edtulo, uma m\u00e3e de fam\u00edlia como tantas outras. Manicure, \u00e9 casada com um taxista, com quem tem tr\u00eas jovens filhos. Eles moram num apartamento com a av\u00f3, respons\u00e1vel pelos afazeres dom\u00e9sticos. &hellip;<\/p>\n","protected":false},"author":1,"featured_media":0,"comment_status":"open","ping_status":"open","sticky":false,"template":"","format":"standard","meta":{"footnotes":""},"categories":[12],"tags":[],"class_list":["post-3079","post","type-post","status-publish","format-standard","","category-dvd-bluray"],"_links":{"self":[{"href":"https:\/\/vilamascote.com.br\/index.php\/wp-json\/wp\/v2\/posts\/3079","targetHints":{"allow":["GET"]}}],"collection":[{"href":"https:\/\/vilamascote.com.br\/index.php\/wp-json\/wp\/v2\/posts"}],"about":[{"href":"https:\/\/vilamascote.com.br\/index.php\/wp-json\/wp\/v2\/types\/post"}],"author":[{"embeddable":true,"href":"https:\/\/vilamascote.com.br\/index.php\/wp-json\/wp\/v2\/users\/1"}],"replies":[{"embeddable":true,"href":"https:\/\/vilamascote.com.br\/index.php\/wp-json\/wp\/v2\/comments?post=3079"}],"version-history":[{"count":0,"href":"https:\/\/vilamascote.com.br\/index.php\/wp-json\/wp\/v2\/posts\/3079\/revisions"}],"wp:attachment":[{"href":"https:\/\/vilamascote.com.br\/index.php\/wp-json\/wp\/v2\/media?parent=3079"}],"wp:term":[{"taxonomy":"category","embeddable":true,"href":"https:\/\/vilamascote.com.br\/index.php\/wp-json\/wp\/v2\/categories?post=3079"},{"taxonomy":"post_tag","embeddable":true,"href":"https:\/\/vilamascote.com.br\/index.php\/wp-json\/wp\/v2\/tags?post=3079"}],"curies":[{"name":"wp","href":"https:\/\/api.w.org\/{rel}","templated":true}]}}