{"id":2833,"date":"2006-02-02T00:00:00","date_gmt":"2006-02-02T00:00:00","guid":{"rendered":"http:\/\/www.vibra-stop.com.br\/vm\/?p=2833"},"modified":"2006-02-02T00:00:00","modified_gmt":"2006-02-02T00:00:00","slug":"o-pecado-da-fe","status":"publish","type":"post","link":"https:\/\/vilamascote.com.br\/index.php\/dvd-bluray\/2833\/o-pecado-da-fe","title":{"rendered":"O Pecado da F\u00e9"},"content":{"rendered":"<p><a href=\"\/vm\/wp-content\/uploads\/2009\/09\/pecado.jpg\"><img decoding=\"async\" class=\"alignleft size-full wp-image-1501\" style=\"margin: 2px 10px;\" title=\"DVD\" src=\"\/vm\/wp-content\/uploads\/2009\/09\/pecado.jpg\" alt=\"dvd\" height=\"300\" \/><\/a>O Pecado da f\u00e9 \u00e9 um emocionante \u00e9pico rom\u00e2ntico, repleto de aventura e paix\u00e3o, que re\u00fane no elenco Depardieu, Vicent Perez, Irene Jacob, Tim Roth, Jason Isaacs e No\u00e9me Godin-Vigneau. A can\u00e7\u00e3o tema \u00e9 interpretada pela pop star canadense Celine Dion. Em meados do s\u00e9culo XVIII, quando a Fran\u00e7a e a Inglaterra lutam pelo dom\u00ednio sobe a col\u00f4nia canadense Nova Fran\u00e7a, \u00e9 a Igreja quem oferece consolo \u00e0 miser\u00e1vel popula\u00e7\u00e3o. O padre Thomas, respeitado por todos mant\u00e9m um segredo \u00e9 consumido por uma paix\u00e3o secreta pela jovem vi\u00fava Mane. Tanto, que trai a cega confian\u00e7a dela e, por ci\u00fame, a afasta de seu grande amor, o aristocrata burgu\u00eas Francois Le Gardeur.<\/p>\n","protected":false},"excerpt":{"rendered":"<p>O Pecado da f\u00e9 \u00e9 um emocionante \u00e9pico rom\u00e2ntico, repleto de aventura e paix\u00e3o, que re\u00fane no elenco Depardieu, Vicent Perez, Irene Jacob, Tim Roth, Jason Isaacs e No\u00e9me Godin-Vigneau. A can\u00e7\u00e3o tema \u00e9 interpretada pela pop star canadense Celine Dion. Em meados do s\u00e9culo XVIII, quando a Fran\u00e7a e a Inglaterra lutam pelo dom\u00ednio &hellip;<\/p>\n","protected":false},"author":1,"featured_media":0,"comment_status":"open","ping_status":"open","sticky":false,"template":"","format":"standard","meta":{"footnotes":""},"categories":[12],"tags":[],"class_list":["post-2833","post","type-post","status-publish","format-standard","","category-dvd-bluray"],"_links":{"self":[{"href":"https:\/\/vilamascote.com.br\/index.php\/wp-json\/wp\/v2\/posts\/2833","targetHints":{"allow":["GET"]}}],"collection":[{"href":"https:\/\/vilamascote.com.br\/index.php\/wp-json\/wp\/v2\/posts"}],"about":[{"href":"https:\/\/vilamascote.com.br\/index.php\/wp-json\/wp\/v2\/types\/post"}],"author":[{"embeddable":true,"href":"https:\/\/vilamascote.com.br\/index.php\/wp-json\/wp\/v2\/users\/1"}],"replies":[{"embeddable":true,"href":"https:\/\/vilamascote.com.br\/index.php\/wp-json\/wp\/v2\/comments?post=2833"}],"version-history":[{"count":0,"href":"https:\/\/vilamascote.com.br\/index.php\/wp-json\/wp\/v2\/posts\/2833\/revisions"}],"wp:attachment":[{"href":"https:\/\/vilamascote.com.br\/index.php\/wp-json\/wp\/v2\/media?parent=2833"}],"wp:term":[{"taxonomy":"category","embeddable":true,"href":"https:\/\/vilamascote.com.br\/index.php\/wp-json\/wp\/v2\/categories?post=2833"},{"taxonomy":"post_tag","embeddable":true,"href":"https:\/\/vilamascote.com.br\/index.php\/wp-json\/wp\/v2\/tags?post=2833"}],"curies":[{"name":"wp","href":"https:\/\/api.w.org\/{rel}","templated":true}]}}